{"id":1511,"date":"2014-01-21T16:42:30","date_gmt":"2014-01-21T15:42:30","guid":{"rendered":"https:\/\/mer47.org\/wp\/?p=1511"},"modified":"2014-02-20T17:51:21","modified_gmt":"2014-02-20T16:51:21","slug":"florencio-nous-quittes","status":"publish","type":"post","link":"https:\/\/mer47.org\/wp\/florencio-nous-quittes\/","title":{"rendered":"FLORENCIO NOUS A QUITTE"},"content":{"rendered":"<p><b>\u00a0<\/b><\/p>\n<p><a href=\"https:\/\/i0.wp.com\/mer47.org\/wp\/wp-content\/uploads\/2014\/01\/FLORENCIO-GOMEZ-480x640.jpg?ssl=1\"><img data-recalc-dims=\"1\" loading=\"lazy\" decoding=\"async\" data-attachment-id=\"1514\" data-permalink=\"https:\/\/mer47.org\/wp\/florencio-nous-quittes\/florencio-gomez-480x640\/\" data-orig-file=\"https:\/\/i0.wp.com\/mer47.org\/wp\/wp-content\/uploads\/2014\/01\/FLORENCIO-GOMEZ-480x640.jpg?fit=480%2C640&amp;ssl=1\" data-orig-size=\"480,640\" data-comments-opened=\"1\" data-image-meta=\"{&quot;aperture&quot;:&quot;2.8&quot;,&quot;credit&quot;:&quot;&quot;,&quot;camera&quot;:&quot;D-LUX 4&quot;,&quot;caption&quot;:&quot;&quot;,&quot;created_timestamp&quot;:&quot;1319975140&quot;,&quot;copyright&quot;:&quot;&quot;,&quot;focal_length&quot;:&quot;12.8&quot;,&quot;iso&quot;:&quot;800&quot;,&quot;shutter_speed&quot;:&quot;0.01&quot;,&quot;title&quot;:&quot;&quot;}\" data-image-title=\"FLORENCIO GOMEZ (480&amp;#215;640)\" data-image-description=\"\" data-image-caption=\"\" data-large-file=\"https:\/\/i0.wp.com\/mer47.org\/wp\/wp-content\/uploads\/2014\/01\/FLORENCIO-GOMEZ-480x640.jpg?fit=480%2C640&amp;ssl=1\" class=\"alignleft size-medium wp-image-1514\" alt=\"FLORENCIO GOMEZ (480x640)\" src=\"https:\/\/i0.wp.com\/mer47.org\/wp\/wp-content\/uploads\/2014\/01\/FLORENCIO-GOMEZ-480x640.jpg?resize=225%2C300&#038;ssl=1\" width=\"225\" height=\"300\" srcset=\"https:\/\/i0.wp.com\/mer47.org\/wp\/wp-content\/uploads\/2014\/01\/FLORENCIO-GOMEZ-480x640.jpg?resize=225%2C300&amp;ssl=1 225w, https:\/\/i0.wp.com\/mer47.org\/wp\/wp-content\/uploads\/2014\/01\/FLORENCIO-GOMEZ-480x640.jpg?resize=480%2C640&amp;ssl=1 480w\" sizes=\"auto, (max-width: 225px) 100vw, 225px\" \/><\/a>Il \u00e9tait \u00e0 nos c\u00f4t\u00e9s lors de notre journ\u00e9e de rentr\u00e9e du 29 septembre dernier, toujours alerte, partageant ses souvenirs avec le brigadiste Antoine Pi\u00f1ol.<\/p>\n<p>Il nous a quitt\u00e9s le 24 d\u00e9cembre 2013 \u00e0 l\u2019\u00e2ge de 102 ans, 102 ans de fid\u00e9lit\u00e9 aux engagements de sa jeunesse.<\/p>\n<p>Nombreux sont ceux qui l\u2019ont accompagn\u00e9 ce jeudi 26 d\u00e9cembre au cimeti\u00e8re de Sainte Livrade sur Lot.<\/p>\n<p>Devant son cercueil, recouvert du drapeau de la R\u00e9publique espagnole, No\u00e9mi Delbourg pour MER 47, Fernand Gonzalez pour la CGT, Jean Masse pour le Parti Communiste Fran\u00e7ais ont rappel\u00e9 une vie faite de combats pour les libert\u00e9s et le progr\u00e8s social.<!--more--><\/p>\n<p>Florencio GOMEZ \u00e9tait n\u00e9 le 26 octobre 1911 \u00e0 FUENTELAHIGUERA dans la province de GUADALAJARA.<\/p>\n<p>Il\u00a0 avait v\u00e9cu la mis\u00e8re puis les jours de liesse et les premiers acquis de la R\u00e9publique et c\u2019est tout naturellement qu\u2019il s\u2019\u00e9tait dress\u00e9 pour la d\u00e9fendre.<\/p>\n<p>Il a fait partie de ceux qui, avec la 43<sup>e<\/sup> division de l\u2019arm\u00e9e populaire r\u00e9publicaine, se sont retrouv\u00e9s encercl\u00e9s par les troupes fascistes dans la poche de Bielsa.<\/p>\n<p>L\u00e0, 7000 hommes, avec un faible armement, sous les ordres du commandant Antonio Beltran Casa\u00f1a, ont r\u00e9sist\u00e9 du 14 avril 1938 au 15 juin 1938 \u00e0 des troupes surarm\u00e9es et \u00e0 l\u2019aviation factieuse puis se sont retir\u00e9s en ordre \u00e0 travers la montagne enneig\u00e9e vers la fronti\u00e8re fran\u00e7aise.<\/p>\n<p>Ses m\u00e9rites dans cette p\u00e9riode lui avaient valu une promotion accompagn\u00e9e de ces mots\u00a0:<\/p>\n<p>\u00ab\u00a0Reciba por ello nuestra mas sincera felicitacion y sirvale de estimulo para lo sucesivo, procurando aumentar si cabe su espiritu de sacrificio e inculcarselo asi mismo a los soldados a sus ordenes \u00bb.<\/p>\n<p>Par la suite, int\u00e9gr\u00e9 \u00e0 la 130<sup>e<\/sup> brigade de la 43<sup>e<\/sup> division del Este, apr\u00e8s la chute de la Catalogne, il avait franchi les Pyr\u00e9n\u00e9es \u00e0 pied le 14 f\u00e9vrier 1939 et connu les camps de concentration de Saint Cyprien, Argel\u00e8s sur Mer, Barcar\u00e8s et fin 1939 Septfonds.<\/p>\n<p>C\u2019est ainsi qu\u2019il avait \u00e9t\u00e9 affect\u00e9 le 4 d\u00e9cembre 1939 au CTE 518 \u00e0 Casseneuil pour la construction de la Poudrerie puis, apr\u00e8s l\u2019abandon de ce projet, au 403<sup>e<\/sup> GTE dans le d\u00e9partement de l\u2019Is\u00e8re.<\/p>\n<p>Il avait choisi de revenir en Lot et Garonne pour \u00e9pouser une r\u00e9fugi\u00e9e espagnole comme lui et travailler successivement chez Delbigot puis \u00e0 la Coplot \u00e0 Sainte Livrade sur Lot o\u00f9 il avait assum\u00e9 des responsabilit\u00e9s syndicales jusqu\u2019\u00e0 son d\u00e9part en retraite.<\/p>\n<p>Il \u00e9tait toujours rest\u00e9 fid\u00e8le aux id\u00e9aux pour lesquels il avait combattu en Espagne et qui demeurent toujours d\u2019actualit\u00e9 des deux c\u00f4t\u00e9s des Pyr\u00e9n\u00e9es.<\/p>\n","protected":false},"excerpt":{"rendered":"<p>\u00a0 Il \u00e9tait \u00e0 nos c\u00f4t\u00e9s lors de notre journ\u00e9e de rentr\u00e9e du 29 septembre dernier, toujours alerte, partageant ses souvenirs avec le brigadiste Antoine Pi\u00f1ol. Il nous a quitt\u00e9s le 24 d\u00e9cembre 2013 \u00e0 l\u2019\u00e2ge de 102 ans, 102 ans de fid\u00e9lit\u00e9 aux engagements de sa jeunesse. Nombreux sont ceux qui l\u2019ont accompagn\u00e9 ce &hellip; <\/p>\n<p class=\"link-more\"><a href=\"https:\/\/mer47.org\/wp\/florencio-nous-quittes\/\" class=\"more-link\">Continuer la lecture<span class=\"screen-reader-text\"> de &laquo;&nbsp;FLORENCIO NOUS A QUITTE&nbsp;&raquo;<\/span><\/a><\/p>\n","protected":false},"author":129,"featured_media":0,"comment_status":"open","ping_status":"open","sticky":false,"template":"","format":"standard","meta":{"jetpack_post_was_ever_published":false,"_jetpack_newsletter_access":"","_jetpack_dont_email_post_to_subs":false,"_jetpack_newsletter_tier_id":0,"_jetpack_memberships_contains_paywalled_content":false,"_jetpack_memberships_contains_paid_content":false,"footnotes":"","jetpack_publicize_message":"","jetpack_publicize_feature_enabled":true,"jetpack_social_post_already_shared":false,"jetpack_social_options":{"image_generator_settings":{"template":"highway","default_image_id":0,"font":"","enabled":false},"version":2}},"categories":[124,13],"tags":[196,33,204,32,304,251,268,233,543,203,437,60,147,177,499,154,205,227,174,36],"class_list":["post-1511","post","type-post","status-publish","format-standard","hentry","category-documents-et-etudes","category-memoire","tag-antoine-pinol","tag-argeles","tag-bielsa","tag-camps","tag-cimetiere","tag-combats","tag-drapeau","tag-espagne","tag-espagnole","tag-florencio-gomez","tag-gte","tag-journee","tag-liberte","tag-lot-et-garonne","tag-mer","tag-mer-47","tag-poudrerie","tag-republique","tag-republique-espagnole","tag-septfonds"],"featured_image_src":null,"author_info":{"display_name":"R\u00e9daction MER47","author_link":"https:\/\/mer47.org\/wp\/author\/redaction\/"},"jetpack_publicize_connections":[],"jetpack_featured_media_url":"","jetpack_sharing_enabled":true,"jetpack-related-posts":[{"id":3005,"url":"https:\/\/mer47.org\/wp\/jaime-olives-nous-a-quitte\/","url_meta":{"origin":1511,"position":0},"title":"JAIME OLIVES NOUS A QUITTE","author":"R\u00e9daction MER47","date":"7 mars 2015","format":false,"excerpt":"Nous \u00e9tions nombreux ce mercredi 4 mars au cimeti\u00e8re de Monclar d\u2019Agenais pour rendre un dernier hommage \u00e0 Jaime OLIVES\u00a0 Jaime nous a quitt\u00e9s le 1er mars 2015 \u00e0 l\u2019\u00e2ge de 93 ans. 93 ans faits de luttes pour la libert\u00e9 et la justice dont, unis autour de lui et\u2026","rel":"","context":"Dans &quot;Documents et Etudes&quot;","block_context":{"text":"Documents et Etudes","link":"https:\/\/mer47.org\/wp\/category\/memoire\/documents-et-etudes\/"},"img":{"alt_text":"","src":"https:\/\/i0.wp.com\/mer47.org\/wp\/wp-content\/uploads\/2015\/03\/PHOTO-OLIVES-640x428.jpg?fit=640%2C428&ssl=1&resize=350%2C200","width":350,"height":200,"srcset":"https:\/\/i0.wp.com\/mer47.org\/wp\/wp-content\/uploads\/2015\/03\/PHOTO-OLIVES-640x428.jpg?fit=640%2C428&ssl=1&resize=350%2C200 1x, https:\/\/i0.wp.com\/mer47.org\/wp\/wp-content\/uploads\/2015\/03\/PHOTO-OLIVES-640x428.jpg?fit=640%2C428&ssl=1&resize=525%2C300 1.5x"},"classes":[]},{"id":3080,"url":"https:\/\/mer47.org\/wp\/les-cent-ans-du-combattant-pour-la-liberte-antoine-pinol\/","url_meta":{"origin":1511,"position":1},"title":"LES CENT ANS DU COMBATTANT POUR LA LIBERTE ANTOINE PI\u00d1OL","author":"R\u00e9daction MER47","date":"16 mai 2015","format":false,"excerpt":"\u00a0C\u2019est entour\u00e9 de ses amis de MER 47 et du maire de la commune du Passage d\u2019Agen \u00a0Francis GARCIA qu\u2019Antoine PI\u00d1OL a f\u00eat\u00e9 ce mardi 5 mai 2015 ses cents ans. Il est l\u2019un des derniers t\u00e9moins de l\u2019\u00e9pop\u00e9e des Brigades Internationales. Antoine PI\u00d1OL est n\u00e9 \u00e0 G\u00e9rone le 5\u2026","rel":"","context":"Dans &quot;M\u00e9moire&quot;","block_context":{"text":"M\u00e9moire","link":"https:\/\/mer47.org\/wp\/category\/memoire\/"},"img":{"alt_text":"","src":"https:\/\/i0.wp.com\/mer47.org\/wp\/wp-content\/uploads\/2015\/05\/CENTENAIRE-PINOL-640x4001.jpg?fit=640%2C400&ssl=1&resize=350%2C200","width":350,"height":200,"srcset":"https:\/\/i0.wp.com\/mer47.org\/wp\/wp-content\/uploads\/2015\/05\/CENTENAIRE-PINOL-640x4001.jpg?fit=640%2C400&ssl=1&resize=350%2C200 1x, https:\/\/i0.wp.com\/mer47.org\/wp\/wp-content\/uploads\/2015\/05\/CENTENAIRE-PINOL-640x4001.jpg?fit=640%2C400&ssl=1&resize=525%2C300 1.5x"},"classes":[]},{"id":2538,"url":"https:\/\/mer47.org\/wp\/abban-les-republicains-espagnols-en-lot-garonne-3\/","url_meta":{"origin":1511,"position":2},"title":"Les R\u00e9publicains Espagnols en Lot-et-Garonne &#8211; 3- Brigades Internationales","author":"R\u00e9daction MER47","date":"8 octobre 2014","format":false,"excerpt":"Les premiers d\u00e9parts se font dans les semaines qui suivent le coup d\u2019\u00e9tat en ao\u00fbt 1936 et concernent des espagnols immigr\u00e9s issus surtout de Fumel, ouvriers de l\u2019usine, et Villeneuve-sur-Lot.","rel":"","context":"Dans &quot;Conf\u00e9rences d\u00e9bats&quot;","block_context":{"text":"Conf\u00e9rences d\u00e9bats","link":"https:\/\/mer47.org\/wp\/category\/activites-associatives\/conferences-debats\/"},"img":{"alt_text":"","src":"https:\/\/i0.wp.com\/mer47.org\/wp\/wp-content\/uploads\/2014\/10\/A_PINOL.jpg?fit=1096%2C557&ssl=1&resize=350%2C200","width":350,"height":200,"srcset":"https:\/\/i0.wp.com\/mer47.org\/wp\/wp-content\/uploads\/2014\/10\/A_PINOL.jpg?fit=1096%2C557&ssl=1&resize=350%2C200 1x, https:\/\/i0.wp.com\/mer47.org\/wp\/wp-content\/uploads\/2014\/10\/A_PINOL.jpg?fit=1096%2C557&ssl=1&resize=525%2C300 1.5x, https:\/\/i0.wp.com\/mer47.org\/wp\/wp-content\/uploads\/2014\/10\/A_PINOL.jpg?fit=1096%2C557&ssl=1&resize=700%2C400 2x, https:\/\/i0.wp.com\/mer47.org\/wp\/wp-content\/uploads\/2014\/10\/A_PINOL.jpg?fit=1096%2C557&ssl=1&resize=1050%2C600 3x"},"classes":[]},{"id":3233,"url":"https:\/\/mer47.org\/wp\/voyage-de-la-memoire-historique-jaca\/","url_meta":{"origin":1511,"position":3},"title":"VOYAGE  DE LA MEMOIRE HISTORIQUE : JACA","author":"R\u00e9daction MER47","date":"1 ao\u00fbt 2015","format":false,"excerpt":"420 personnes ont perdu la vie \u00e0 Jaca, victimes du soul\u00e8vement franquiste. 300 d\u2019entre elles sont identifi\u00e9es dans le cimeti\u00e8re.","rel":"","context":"Dans &quot;Voyages&quot;","block_context":{"text":"Voyages","link":"https:\/\/mer47.org\/wp\/category\/activites-associatives\/voyages\/"},"img":{"alt_text":"","src":"https:\/\/i0.wp.com\/mer47.org\/wp\/wp-content\/uploads\/2015\/06\/IMGP0697.jpg?fit=1024%2C680&ssl=1&resize=350%2C200","width":350,"height":200,"srcset":"https:\/\/i0.wp.com\/mer47.org\/wp\/wp-content\/uploads\/2015\/06\/IMGP0697.jpg?fit=1024%2C680&ssl=1&resize=350%2C200 1x, https:\/\/i0.wp.com\/mer47.org\/wp\/wp-content\/uploads\/2015\/06\/IMGP0697.jpg?fit=1024%2C680&ssl=1&resize=525%2C300 1.5x, https:\/\/i0.wp.com\/mer47.org\/wp\/wp-content\/uploads\/2015\/06\/IMGP0697.jpg?fit=1024%2C680&ssl=1&resize=700%2C400 2x"},"classes":[]},{"id":1726,"url":"https:\/\/mer47.org\/wp\/paco-madera-quittes\/","url_meta":{"origin":1511,"position":4},"title":"PACO MADERA NOUS A QUITTES","author":"R\u00e9daction MER47","date":"22 avril 2014","format":false,"excerpt":"Notre ami Francisco MADERA est d\u00e9c\u00e9d\u00e9 \u00e0 l\u2019\u00e2ge de 94 ans. Il \u00e9tait n\u00e9 \u00e0 Jaen le 11 mai 1919 et a travaill\u00e9 tr\u00e8s jeune \u00e0 la cueillette des olives et \u00e0 garder les ch\u00e8vres \u00e0 une \u00e9poque o\u00f9 il n\u2019y avait pas d\u2019\u00e9cole pour les fils du peuple. Aussi\u2026","rel":"","context":"Dans &quot;Documents et Etudes&quot;","block_context":{"text":"Documents et Etudes","link":"https:\/\/mer47.org\/wp\/category\/memoire\/documents-et-etudes\/"},"img":{"alt_text":"Paco MADERA (427x640)","src":"https:\/\/i0.wp.com\/mer47.org\/wp\/wp-content\/uploads\/2014\/04\/Paco-MADERA-427x640-200x300.jpg?resize=350%2C200&ssl=1","width":350,"height":200},"classes":[]},{"id":1133,"url":"https:\/\/mer47.org\/wp\/contre-intervention-etaient-aux-cotes-peuples-despagne\/","url_meta":{"origin":1511,"position":5},"title":"CONTRE LA NON INTERVENTION  ILS \u00c9TAIENT AUX C\u00d4TES DES PEUPLES D\u2019ESPAGNE","author":"R\u00e9daction MER47","date":"22 octobre 2013","format":false,"excerpt":"[jwplayer mediaid=\"1270\"] 200 ans \u00e0 eux deux, Florencio le combattant r\u00e9publicain espagnol, Antoine le brigadiste international \u00e9voquent leurs combats communs pour la libert\u00e9 et la d\u00e9fense de la r\u00e9publique en Espagne. Ce samedi 29 septembre 2013, ils venaient de recevoir de la main de Jean Paul CHANTEREAU, secr\u00e9taire g\u00e9n\u00e9ral adjoint\u2026","rel":"","context":"Dans &quot;Activit\u00e9s associatives&quot;","block_context":{"text":"Activit\u00e9s associatives","link":"https:\/\/mer47.org\/wp\/category\/activites-associatives\/"},"img":{"alt_text":"JOURNEE MER 47 DU 29 SEPTEMBRE 2013","src":"https:\/\/i0.wp.com\/mer47.org\/wp\/wp-content\/uploads\/2013\/10\/Montages1-800x450-300x168.jpg?resize=350%2C200&ssl=1","width":350,"height":200},"classes":[]}],"jetpack_shortlink":"https:\/\/wp.me\/p2FasU-on","_links":{"self":[{"href":"https:\/\/mer47.org\/wp\/wp-json\/wp\/v2\/posts\/1511","targetHints":{"allow":["GET"]}}],"collection":[{"href":"https:\/\/mer47.org\/wp\/wp-json\/wp\/v2\/posts"}],"about":[{"href":"https:\/\/mer47.org\/wp\/wp-json\/wp\/v2\/types\/post"}],"author":[{"embeddable":true,"href":"https:\/\/mer47.org\/wp\/wp-json\/wp\/v2\/users\/129"}],"replies":[{"embeddable":true,"href":"https:\/\/mer47.org\/wp\/wp-json\/wp\/v2\/comments?post=1511"}],"version-history":[{"count":0,"href":"https:\/\/mer47.org\/wp\/wp-json\/wp\/v2\/posts\/1511\/revisions"}],"wp:attachment":[{"href":"https:\/\/mer47.org\/wp\/wp-json\/wp\/v2\/media?parent=1511"}],"wp:term":[{"taxonomy":"category","embeddable":true,"href":"https:\/\/mer47.org\/wp\/wp-json\/wp\/v2\/categories?post=1511"},{"taxonomy":"post_tag","embeddable":true,"href":"https:\/\/mer47.org\/wp\/wp-json\/wp\/v2\/tags?post=1511"}],"curies":[{"name":"wp","href":"https:\/\/api.w.org\/{rel}","templated":true}]}}