{"id":1910,"date":"2014-05-23T11:17:52","date_gmt":"2014-05-23T09:17:52","guid":{"rendered":"https:\/\/mer47.org\/wp\/?p=1910"},"modified":"2017-09-19T12:22:13","modified_gmt":"2017-09-19T10:22:13","slug":"voyage-en-cantabrie-5-visite-du-cimetiere-civil-santander-el-ciriego","status":"publish","type":"post","link":"https:\/\/mer47.org\/wp\/voyage-en-cantabrie-5-visite-du-cimetiere-civil-santander-el-ciriego\/","title":{"rendered":"Voyage en Cantabrie \u2013 5 \u2013 Visite du cimeti\u00e8re civil de Santander, el Ciriego"},"content":{"rendered":"<h1 style=\"text-align: justify;\"><span style=\"font-family: helvetica;\">\u00a0Le 2 mai visite du cimeti\u00e8re civil de Santander : el Ciriego<\/span><\/h1>\n<p style=\"text-align: justify;\"><span style=\"font-family: helvetica;\">\u00a0Nous nous retrouvons devant une douzaine de grandes st\u00e8les avec une centaine de noms grav\u00e9s sur chacune d\u2019entre elles dans la section 52 du cimeti\u00e8re municipal de Ciriego. Chaque st\u00e8le est plac\u00e9e devant l\u2019emplacement d\u2019une fosse commune bien identifi\u00e9e par un carr\u00e9 de fleurs.<\/span><\/p>\n<p style=\"text-align: justify;\"><span style=\"font-family: helvetica;\">\u00a0La personne qui nous fait la visite de ce fameux carr\u00e9 52 est un personnage haut en couleur qui s\u2019appelle Antonio Onta\u00f1on, Pr\u00e9sident de l\u2019Association \u00ab <a href=\"http:\/\/heroesdelarepublicaylalibertad.blogspot.fr\/\" target=\"_blank\" rel=\"noopener noreferrer\">Heroes de la Republica y de la Libertad<\/a> \u00bb.<\/span><!--more--><\/p>\n<p style=\"text-align: justify;\"><span style=\"font-family: helvetica;\">\u00a0Il nous explique que de 1937 \u00e0 1948, une r\u00e9pression f\u00e9roce s\u2019est abattue sur Santander. Quand la ville est tomb\u00e9e aux mains des forces franquistes, la cinqui\u00e8me colonne phalangiste avait d\u00e9j\u00e0 des listes avec les noms des r\u00e9publicains \u00e0 \u00e9liminer. Ces derniers furent pourchass\u00e9s et captur\u00e9s. Beaucoup subirent des \u00ab Paseos \u00bb, \u00e0 savoir qu\u2019on venait les chercher pour les fusiller au bord d\u2019un chemin quelconque o\u00f9 on les enterrait comme des chiens.<\/span><\/p>\n<p style=\"text-align: justify;\"><div id=\"metaslider-id-1923\" style=\"max-width: 720px; margin: 0 auto;\" class=\"ml-slider-3-108-0 metaslider metaslider-coin metaslider-1923 ml-slider has-dots-nav ms-theme-default\" role=\"region\" aria-label=\"Ciriego\" data-height=\"576\" data-width=\"720\">\n    <div id=\"metaslider_container_1923\">\n        <div id='metaslider_1923' class='coin-slider'>\n<a href=\"javascript:void(0)\" target=\"_self\"><img data-recalc-dims=\"1\" loading=\"lazy\" decoding=\"async\" src=\"https:\/\/i0.wp.com\/mer47.org\/wp\/wp-content\/uploads\/2014\/05\/49...et-Jean-Michel-a-tout-film%C3%A9-640x427.jpg?resize=525%2C420&#038;ssl=1\" height=\"420\" width=\"525\" alt=\"\" class=\"slider-1923 slide-1782 msDefaultImage\" style=\"display: none;\" \/><span>Au cimeti\u00e8re de Santander devant les monument aux victimes de franquisme<\/span><\/a>\n<a href=\"javascript:void(0)\" target=\"_self\"><img data-recalc-dims=\"1\" loading=\"lazy\" decoding=\"async\" src=\"https:\/\/i0.wp.com\/mer47.org\/wp\/wp-content\/uploads\/2014\/05\/Ciriego_carre_52.jpg?resize=525%2C420&#038;ssl=1\" height=\"420\" width=\"525\" alt=\"\" class=\"slider-1923 slide-1924 msDefaultImage\" style=\"display: none;\" \/><span>Vue d'ensemble du carr\u00e9 52 du Ciriego<\/span><\/a>\n<a href=\"javascript:void(0)\" target=\"_self\"><img data-recalc-dims=\"1\" loading=\"lazy\" decoding=\"async\" src=\"https:\/\/i0.wp.com\/mer47.org\/wp\/wp-content\/uploads\/2014\/05\/Carre_52_Ciriego_Santander_2.jpg?resize=525%2C420&#038;ssl=1\" height=\"420\" width=\"525\" alt=\"\" class=\"slider-1923 slide-1926 msDefaultImage\" style=\"display: none;\" \/><\/a>\n        <\/div>\n        \n    <\/div>\n<\/div><\/p>\n<p style=\"text-align: justify;\"><span style=\"font-family: helvetica;\">\u00a0D\u2019autres subirent un proc\u00e8s r\u00e9gulier ou plus exactement un simulacre de proc\u00e8s, par un tribunal militaire. Les inculp\u00e9s \u00e9taient jug\u00e9s par groupes de cinquante personnes, avec un seul avocat pour d\u00e9fendre tout le groupe, et cet avocat commis d\u2019office \u00e9tait un militaire. La plupart du temps, les personnes \u00e9taient condamn\u00e9es \u00e0 mort.<\/span><\/p>\n<p style=\"text-align: justify;\"><span style=\"font-family: helvetica;\">La veille de leur ex\u00e9cution, les condamn\u00e9s \u00e9taient conduits \u00e0 une \u00ab chapelle \u00bb o\u00f9 le cur\u00e9 du coin, conseillait \u00e0 ces malheureux de se repentir de leurs p\u00e9ch\u00e9s pour avoir la possibilit\u00e9 d\u2019aller au paradis.<\/span><\/p>\n<p style=\"text-align: justify;\"><span style=\"font-family: helvetica;\">\u00a0Vers six heures du matin, on attachait les condamn\u00e9s avec des c\u00e2bles \u00e9lectriques, car il n\u2019y avait pas assez de menottes pour tout le monde. On les conduisait en camion devant le mur du cimeti\u00e8re de Ciriego, pr\u00e8s de la section 52. Par camion, il y avait en moyenne une quinzaine de personnes, et quelquefois, il pouvait y avoir quatre ou cinq camions \u00e0 la fois\u2026 les condamn\u00e9s \u00e9taient fusill\u00e9s devant le mur ext\u00e9rieur du cimeti\u00e8re, jet\u00e9s de l\u2019autre c\u00f4t\u00e9 de la grille de la porte, o\u00f9 ils recevaient leu coup de gr\u00e2ce.<\/span><\/p>\n<p style=\"text-align: justify;\"><span style=\"font-family: helvetica;\">\u00a0Puis on chargeait les cadavres sur des charrettes \u00e0 bras et on les portait vers des tranch\u00e9es assez profondes qui avaient \u00e9t\u00e9 creus\u00e9es par des prisonniers r\u00e9publicains. On renversait les cadavres dans la fosse que l\u2019on recouvrait avec de la chaux vive.<\/span><\/p>\n<p style=\"text-align: justify;\"><span style=\"font-family: helvetica;\">\u00a0Comme il avait \u00e9t\u00e9 d\u00e9cid\u00e9 qu\u2019il ne devait rester aucune trace de ces malheureux, ils n\u2019\u00e9taient pas inscrits dans les registres du cimeti\u00e8re de Ciriego<\/span><\/p>\n<p style=\"text-align: justify;\"><span style=\"font-family: helvetica;\">\u00a0A partir de 1980, Antonio, lui m\u00eame fils de r\u00e9publicain, et ses coll\u00e8gues, vont mener un travail de fourmi pour faire sortir de l\u2019oubli ces victimes enterr\u00e9es anonymement dans les fosses communes.<\/span><\/p>\n<p>\u00a0Afin de mettre un nom sur les 1 200 personnes enterr\u00e9es dans le cimeti\u00e8re, il va \u00e9plucher les registres du cimeti\u00e8re, ceux de la prison de Santander, et ceux des archives de la Guerre Civile de Salamanque. Du fruit de ses recherches, apparaitront les noms de ces personnes qui sortent ainsi du n\u00e9ant de l\u2019oubli et r\u00e9cup\u00e8rent leur dignit\u00e9.<\/p>\n<p>L\u2019ouvrage d\u2019Antonio \u00ab\u202f<b><i>Rescatados del Olvido\u202f<\/i><\/b>\u00bb, liste tous ces noms, ainsi que ceux de leurs juges, et de leurs bourreaux.<\/p>\n<p>Gr\u00e2ce \u00e0 des souscriptions populaires,\u00a0 les douze monuments ont \u00e9t\u00e9 \u00e9rig\u00e9s pr\u00e8s des fosses communes. Sur chacun d\u2019entre eux, par ordre alphab\u00e9tique afin de faciliter les recherches aux familles, sont inscrits une centaine de noms.<\/p>\n<p>D\u2019autre part, Antonio a fini par obtenir du maire de Santander qu\u2019un registre annexe \u00e0 celui du cimeti\u00e8re soit cr\u00e9\u00e9 avec le nom de tous les supplici\u00e9s enterr\u00e9s.<\/p>\n<p style=\"text-align: justify;\">\u00a0Nous souhaitons rendre un hommage tout particulier \u00e0 <b>Marie-Carmen Audren Vega<\/b> qui nous accompagnait lors de ce voyage et dont le p\u00e8re, fusill\u00e9 le 14 Octobre 1937, repose dans l\u2019une des fosses communes du cimeti\u00e8re de <b>Ciriego<\/b>. Son nom figure sur l\u2019une des st\u00e8les. Nous saluons la discr\u00e9tion de Marie-Carmen qui n\u2019a pas souhait\u00e9 s\u2019exprimer lors de la visite du cimeti\u00e8re. Souvent, les grandes douleurs sont muettes\u2026<\/p>\n<figure id=\"attachment_1916\" aria-describedby=\"caption-attachment-1916\" style=\"width: 850px\" class=\"wp-caption alignnone\"><a href=\"https:\/\/i0.wp.com\/mer47.org\/wp\/wp-content\/uploads\/2014\/05\/Marie_Carmen_Audren_Vega.jpg?ssl=1\"><img data-recalc-dims=\"1\" loading=\"lazy\" decoding=\"async\" data-attachment-id=\"1916\" data-permalink=\"https:\/\/mer47.org\/wp\/voyage-en-cantabrie-5-visite-du-cimetiere-civil-santander-el-ciriego\/marie_carmen_audren_vega\/\" data-orig-file=\"https:\/\/i0.wp.com\/mer47.org\/wp\/wp-content\/uploads\/2014\/05\/Marie_Carmen_Audren_Vega.jpg?fit=850%2C550&amp;ssl=1\" data-orig-size=\"850,550\" data-comments-opened=\"1\" data-image-meta=\"{&quot;aperture&quot;:&quot;11&quot;,&quot;credit&quot;:&quot;&quot;,&quot;camera&quot;:&quot;NIKON D3100&quot;,&quot;caption&quot;:&quot;&quot;,&quot;created_timestamp&quot;:&quot;1399029278&quot;,&quot;copyright&quot;:&quot;&quot;,&quot;focal_length&quot;:&quot;18&quot;,&quot;iso&quot;:&quot;400&quot;,&quot;shutter_speed&quot;:&quot;0.002&quot;,&quot;title&quot;:&quot;&quot;}\" data-image-title=\"Marie_Carmen_Audren_Vega\" data-image-description=\"\" data-image-caption=\"&lt;p&gt;Marie_Carmen Audren Vega devant le monument du carr\u00e9 52 du Ciriego ou repose son p\u00e8re, victime des crimes franquistes.&lt;\/p&gt;\n\" data-large-file=\"https:\/\/i0.wp.com\/mer47.org\/wp\/wp-content\/uploads\/2014\/05\/Marie_Carmen_Audren_Vega.jpg?fit=525%2C340&amp;ssl=1\" class=\"wp-image-1916 size-full\" src=\"https:\/\/i0.wp.com\/mer47.org\/wp\/wp-content\/uploads\/2014\/05\/Marie_Carmen_Audren_Vega.jpg?resize=525%2C340&#038;ssl=1\" alt=\"Marie_Carmen Audren Vega devant le monument du carr\u00e9 52 du Ciriego ou repose son p\u00e8re, victime des crimes franquistes.\" width=\"525\" height=\"340\" srcset=\"https:\/\/i0.wp.com\/mer47.org\/wp\/wp-content\/uploads\/2014\/05\/Marie_Carmen_Audren_Vega.jpg?w=850&amp;ssl=1 850w, https:\/\/i0.wp.com\/mer47.org\/wp\/wp-content\/uploads\/2014\/05\/Marie_Carmen_Audren_Vega.jpg?resize=300%2C194&amp;ssl=1 300w, https:\/\/i0.wp.com\/mer47.org\/wp\/wp-content\/uploads\/2014\/05\/Marie_Carmen_Audren_Vega.jpg?resize=600%2C388&amp;ssl=1 600w\" sizes=\"auto, (max-width: 767px) 89vw, (max-width: 1000px) 54vw, (max-width: 1071px) 543px, 580px\" \/><\/a><figcaption id=\"caption-attachment-1916\" class=\"wp-caption-text\">Marie_Carmen Audren Vega devant le monument du carr\u00e9 52 du Ciriego ou repose son p\u00e8re, victime des crimes franquistes.<\/figcaption><\/figure>\n<p>Un article consacr\u00e9 \u00e0 ce sujet dans le journal \u00ab\u00a0l&rsquo;Humanit\u00e9\u00a0\u00bb du 7 mai 2014:<\/p>\n<p><code><strong><div id=\"metaslider-id-2178\" style=\"max-width: 700px; margin: 0 auto;\" class=\"ml-slider-3-108-0 metaslider metaslider-coin metaslider-2178 ml-slider ms-theme-default\" role=\"region\" aria-label=\"Huma 7 mai 2014\" data-height=\"900\" data-width=\"700\">\n    <div id=\"metaslider_container_2178\">\n        <div id='metaslider_2178' class='coin-slider'>\n<a href=\"javascript:void(0)\" target=\"_self\"><img data-recalc-dims=\"1\" loading=\"lazy\" decoding=\"async\" src=\"https:\/\/i0.wp.com\/mer47.org\/wp\/wp-content\/uploads\/2014\/06\/HUMA_7_MA_-2014_1.png?resize=525%2C675&#038;ssl=1\" height=\"675\" width=\"525\" alt=\"\" class=\"slider-2178 slide-2186 msDefaultImage\" style=\"display: none;\" \/><\/a>\n<a href=\"javascript:void(0)\" target=\"_self\"><img data-recalc-dims=\"1\" loading=\"lazy\" decoding=\"async\" src=\"https:\/\/i0.wp.com\/mer47.org\/wp\/wp-content\/uploads\/2014\/06\/HUMA_7_MA_-2014_2.png?resize=525%2C675&#038;ssl=1\" height=\"675\" width=\"525\" alt=\"\" class=\"slider-2178 slide-2187 msDefaultImage\" style=\"display: none;\" \/><\/a>\n<a href=\"javascript:void(0)\" target=\"_self\"><img data-recalc-dims=\"1\" loading=\"lazy\" decoding=\"async\" src=\"https:\/\/i0.wp.com\/mer47.org\/wp\/wp-content\/uploads\/2014\/06\/HUMA_7_MA_-2014_3.png?resize=525%2C675&#038;ssl=1\" height=\"675\" width=\"525\" alt=\"\" class=\"slider-2178 slide-2188 msDefaultImage\" style=\"display: none;\" \/><\/a>\n<a href=\"javascript:void(0)\" target=\"_self\"><img data-recalc-dims=\"1\" loading=\"lazy\" decoding=\"async\" src=\"https:\/\/i0.wp.com\/mer47.org\/wp\/wp-content\/uploads\/2014\/06\/HUMA_7_MA_-2014_4.png?resize=525%2C675&#038;ssl=1\" height=\"675\" width=\"525\" alt=\"\" class=\"slider-2178 slide-2189 msDefaultImage\" style=\"display: none;\" \/><\/a>\n<a href=\"javascript:void(0)\" target=\"_self\"><img data-recalc-dims=\"1\" loading=\"lazy\" decoding=\"async\" src=\"https:\/\/i0.wp.com\/mer47.org\/wp\/wp-content\/uploads\/2014\/06\/HUMA_7_MA_-2014_5.png?resize=525%2C675&#038;ssl=1\" height=\"675\" width=\"525\" alt=\"\" class=\"slider-2178 slide-2190 msDefaultImage\" style=\"display: none;\" \/><\/a>\n<a href=\"javascript:void(0)\" target=\"_self\"><img data-recalc-dims=\"1\" loading=\"lazy\" decoding=\"async\" src=\"https:\/\/i0.wp.com\/mer47.org\/wp\/wp-content\/uploads\/2014\/06\/HUMA_7_MA_-2014_6.png?resize=525%2C675&#038;ssl=1\" height=\"675\" width=\"525\" alt=\"\" class=\"slider-2178 slide-2191 msDefaultImage\" style=\"display: none;\" \/><\/a>\n        <\/div>\n        \n    <\/div>\n<\/div><\/strong><\/code><\/p>\n<p>S\u00e9rie de trois vid\u00e9os dans lesquelles Antonio Onta\u00f1on Toca \u00e9voque les faits historiques du massacre des R\u00e9publicains et le travail de son association pour indentifier les supplici\u00e9s.<\/p>\n<div style=\"width: 400px;\" class=\"wp-video\"><video class=\"wp-video-shortcode\" id=\"video-1910-1\" width=\"400\" height=\"224\" preload=\"auto\" controls=\"controls\"><source type=\"video\/mp4\" src=\"https:\/\/mer47.org\/wp\/wp-content\/uploads\/2014\/05\/CIRIEGO_11.mp4?_=1\" \/><a href=\"https:\/\/mer47.org\/wp\/wp-content\/uploads\/2014\/05\/CIRIEGO_11.mp4\">https:\/\/mer47.org\/wp\/wp-content\/uploads\/2014\/05\/CIRIEGO_11.mp4<\/a><\/video><\/div>\n<div style=\"width: 400px;\" class=\"wp-video\"><video class=\"wp-video-shortcode\" id=\"video-1910-2\" width=\"400\" height=\"224\" preload=\"auto\" controls=\"controls\"><source type=\"video\/mp4\" src=\"https:\/\/mer47.org\/wp\/wp-content\/uploads\/2014\/05\/CIRIEGO_2.mp4?_=2\" \/><a href=\"https:\/\/mer47.org\/wp\/wp-content\/uploads\/2014\/05\/CIRIEGO_2.mp4\">https:\/\/mer47.org\/wp\/wp-content\/uploads\/2014\/05\/CIRIEGO_2.mp4<\/a><\/video><\/div>\n<div style=\"width: 400px;\" class=\"wp-video\"><video class=\"wp-video-shortcode\" id=\"video-1910-3\" width=\"400\" height=\"224\" preload=\"auto\" controls=\"controls\"><source type=\"video\/mp4\" src=\"https:\/\/mer47.org\/wp\/wp-content\/uploads\/2014\/05\/CIRIEGO_3.mp4?_=3\" \/><a href=\"https:\/\/mer47.org\/wp\/wp-content\/uploads\/2014\/05\/CIRIEGO_3.mp4\">https:\/\/mer47.org\/wp\/wp-content\/uploads\/2014\/05\/CIRIEGO_3.mp4<\/a><\/video><\/div>\n<p>Un article sur le livre de Antonio Onta\u00f1on Toca \u00ab\u00a0Rescatados del Olvido\u00a0\u00bb :<\/p>\n<p style=\"text-align: justify;\"><code><strong><div id=\"metaslider-id-2209\" style=\"max-width: 700px; margin: 0 auto;\" class=\"ml-slider-3-108-0 metaslider metaslider-coin metaslider-2209 ml-slider ms-theme-default\" role=\"region\" aria-label=\"Rescatados del olvido\" data-height=\"900\" data-width=\"700\">\n    <div id=\"metaslider_container_2209\">\n        <div id='metaslider_2209' class='coin-slider'>\n<a href=\"javascript:void(0)\" target=\"_self\"><img data-recalc-dims=\"1\" loading=\"lazy\" decoding=\"async\" src=\"https:\/\/i0.wp.com\/mer47.org\/wp\/wp-content\/uploads\/2014\/05\/53786d1568faa-3.jpg?resize=525%2C675&#038;ssl=1\" height=\"675\" width=\"525\" alt=\"\" class=\"slider-2209 slide-1869 msDefaultImage\" style=\"display: none;\" \/><\/a>\n<a href=\"javascript:void(0)\" target=\"_self\"><img data-recalc-dims=\"1\" loading=\"lazy\" decoding=\"async\" src=\"https:\/\/i0.wp.com\/mer47.org\/wp\/wp-content\/uploads\/2014\/06\/Rescatados_del_olvido_1.png?resize=525%2C675&#038;ssl=1\" height=\"675\" width=\"525\" alt=\"\" class=\"slider-2209 slide-2217 msDefaultImage\" style=\"display: none;\" \/><\/a>\n<a href=\"javascript:void(0)\" target=\"_self\"><img data-recalc-dims=\"1\" loading=\"lazy\" decoding=\"async\" src=\"https:\/\/i0.wp.com\/mer47.org\/wp\/wp-content\/uploads\/2014\/06\/Rescatados_del_olvido_2.png?resize=525%2C675&#038;ssl=1\" height=\"675\" width=\"525\" alt=\"\" class=\"slider-2209 slide-2218 msDefaultImage\" style=\"display: none;\" \/><\/a>\n        <\/div>\n        \n    <\/div>\n<\/div><\/strong><\/code><\/p>\n<p style=\"text-align: justify;\"><span style=\"font-family: helvetica;\">Liste de tous les articles de la cat\u00e9gorie :<\/span><\/p>\n<pre><code><ul class=\"lcp_catlist\" id=\"lcp_instance_0\"><li><a href=\"https:\/\/mer47.org\/wp\/voyage-en-cantabrie-7-potes-hommage-juanin\/\">Voyage en Cantabrie \u2013 7 \u2013 Potes : hommage \u00e0 Juanin<\/a><\/li><li><a href=\"https:\/\/mer47.org\/wp\/voyage-en-cantabrie-6-4-conference-antonio-ontanon-toca\/\">Voyage en Cantabrie \u2013 6.4 \u2013 Conf\u00e9rence de Antonio Onta\u00f1on Toca : r\u00e9cup\u00e9ration de la M\u00e9moire historique<\/a><\/li><li><a href=\"https:\/\/mer47.org\/wp\/voyage-en-cantabrie-6-3-remerciements-amis-espagnols\/\">Voyage en Cantabrie \u2013 6.3 \u2013 A nos amis espagnols<\/a><\/li><li><a href=\"https:\/\/mer47.org\/wp\/voyage-en-cantabrie-6-2-chansons-theme\/\">Voyage en Cantabrie \u2013 6.2 \u2013 Chansons \u00e0 th\u00e8me<\/a><\/li><li><a href=\"https:\/\/mer47.org\/wp\/voyage-en-cantabrie-6-1-isaac-casares\/\">Voyage en Cantabrie \u2013 6.1 \u2013 Isaac CASARES<\/a><\/li><li class=\"current\"><a href=\"https:\/\/mer47.org\/wp\/voyage-en-cantabrie-5-visite-du-cimetiere-civil-santander-el-ciriego\/\">Voyage en Cantabrie \u2013 5 \u2013 Visite du cimeti\u00e8re civil de Santander, el Ciriego<\/a><\/li><li><a href=\"https:\/\/mer47.org\/wp\/voyage-en-cantabrie-4-visite-du-memorial-camargo\/\">Voyage en Cantabrie \u2013 4 \u2013 Visite du M\u00e9morial de Camargo<\/a><\/li><li><a href=\"https:\/\/mer47.org\/wp\/voyage-mer47-en-cantabrie-3-manifestation-du-1er-mai-mieres\/\">Voyage MER47 en Cantabrie &#8211; 3 &#8211; Manifestation du 1er mai \u00e0 Mieres<\/a><\/li><li><a href=\"https:\/\/mer47.org\/wp\/voyage-mer47-en-cantabrie-2-pozo-fortuna\/\">Voyage MER47 en Cantabrie &#8211; 2 &#8211; Pozo Fortuna<\/a><\/li><li><a href=\"https:\/\/mer47.org\/wp\/voyage-mer47-en-cantabrie-1-laredo\/\">Voyage MER47 en Cantabrie &#8211; 1 &#8211; Laredo<\/a><\/li><\/ul><\/code><\/pre>\n","protected":false},"excerpt":{"rendered":"<p>\u00a0Le 2 mai visite du cimeti\u00e8re civil de Santander : el Ciriego \u00a0Nous nous retrouvons devant une douzaine de grandes st\u00e8les avec une centaine de noms grav\u00e9s sur chacune d\u2019entre elles dans la section 52 du cimeti\u00e8re municipal de Ciriego. Chaque st\u00e8le est plac\u00e9e devant l\u2019emplacement d\u2019une fosse commune bien identifi\u00e9e par un carr\u00e9 de &hellip; <\/p>\n<p class=\"link-more\"><a href=\"https:\/\/mer47.org\/wp\/voyage-en-cantabrie-5-visite-du-cimetiere-civil-santander-el-ciriego\/\" class=\"more-link\">Continuer la lecture<span class=\"screen-reader-text\"> de &laquo;&nbsp;Voyage en Cantabrie \u2013 5 \u2013 Visite du cimeti\u00e8re civil de Santander, el Ciriego&nbsp;&raquo;<\/span><\/a><\/p>\n","protected":false},"author":129,"featured_media":1915,"comment_status":"open","ping_status":"open","sticky":false,"template":"","format":"standard","meta":{"jetpack_post_was_ever_published":false,"_jetpack_newsletter_access":"","_jetpack_dont_email_post_to_subs":false,"_jetpack_newsletter_tier_id":0,"_jetpack_memberships_contains_paywalled_content":false,"_jetpack_memberships_contains_paid_content":false,"footnotes":"","jetpack_publicize_message":"","jetpack_publicize_feature_enabled":true,"jetpack_social_post_already_shared":false,"jetpack_social_options":{"image_generator_settings":{"template":"highway","default_image_id":0,"font":"","enabled":false},"version":2}},"categories":[279,16],"tags":[321,313,306,304,305,464,303,79,274,530,533,406,289,259,308,458,207,421,111,296,307,254,115],"class_list":["post-1910","post","type-post","status-publish","format-standard","has-post-thumbnail","hentry","category-cantabrie-2014","category-lieux-memoire","tag-antonio-ontanon-toca","tag-cantabrie","tag-carre-52","tag-cimetiere","tag-ciriego","tag-crimes-franquistes","tag-fosses","tag-fosses-communes","tag-franquistes","tag-guerre","tag-guerre-civile","tag-mer47","tag-monument","tag-mort","tag-paseos","tag-proces","tag-repression","tag-republicain","tag-republicains","tag-stele","tag-steles","tag-travail","tag-voyage"],"featured_image_src":"https:\/\/i0.wp.com\/mer47.org\/wp\/wp-content\/uploads\/2014\/05\/Carre_52_Ciriego_Santander.jpg?fit=849%2C533&ssl=1","author_info":{"display_name":"R\u00e9daction MER47","author_link":"https:\/\/mer47.org\/wp\/author\/redaction\/"},"jetpack_publicize_connections":[],"jetpack_featured_media_url":"https:\/\/i0.wp.com\/mer47.org\/wp\/wp-content\/uploads\/2014\/05\/Carre_52_Ciriego_Santander.jpg?fit=849%2C533&ssl=1","jetpack_sharing_enabled":true,"jetpack-related-posts":[{"id":5044,"url":"https:\/\/mer47.org\/wp\/le-cimetiere-de-torrero-zaragoza-voyage-mer-47-2\/","url_meta":{"origin":1910,"position":0},"title":"LE CIMETIERE DE TORRERO &#8211; ZARAGOZA &#8211; voyage MER 47 &#8211; 2","author":"R\u00e9daction MER47","date":"2 mai 2018","format":false,"excerpt":"La matin\u00e9e du 13 avril \u00e9tait consacr\u00e9e \u00e0 la visite d'un lieu de m\u00e9moire, le cimeti\u00e8re de Torrero sous la conduite de Paz Jim\u00e9nez Seral, pr\u00e9sidente de la fondation Bernardo Aladr\u00e9n qui a pris le nom d'un dirigeant syndical socialiste et agit pour la collecte et la diffusion des archives\u2026","rel":"","context":"Dans &quot;Activit\u00e9s associatives&quot;","block_context":{"text":"Activit\u00e9s associatives","link":"https:\/\/mer47.org\/wp\/category\/activites-associatives\/"},"img":{"alt_text":"","src":"https:\/\/i0.wp.com\/mer47.org\/wp\/wp-content\/uploads\/2018\/04\/cimeti%C3%A8re-torrero.jpg?fit=902%2C600&ssl=1&resize=350%2C200","width":350,"height":200,"srcset":"https:\/\/i0.wp.com\/mer47.org\/wp\/wp-content\/uploads\/2018\/04\/cimeti%C3%A8re-torrero.jpg?fit=902%2C600&ssl=1&resize=350%2C200 1x, https:\/\/i0.wp.com\/mer47.org\/wp\/wp-content\/uploads\/2018\/04\/cimeti%C3%A8re-torrero.jpg?fit=902%2C600&ssl=1&resize=525%2C300 1.5x, https:\/\/i0.wp.com\/mer47.org\/wp\/wp-content\/uploads\/2018\/04\/cimeti%C3%A8re-torrero.jpg?fit=902%2C600&ssl=1&resize=700%2C400 2x"},"classes":[]},{"id":2083,"url":"https:\/\/mer47.org\/wp\/voyage-en-cantabrie-7-potes-hommage-juanin\/","url_meta":{"origin":1910,"position":1},"title":"Voyage en Cantabrie \u2013 7 \u2013 Potes : hommage \u00e0 Juanin","author":"R\u00e9daction MER47","date":"8 juin 2014","format":false,"excerpt":"La r\u00e9sistance au franquisme en Cantabrie : recueillement sur la tombe de Juanin Cap vers Potes (Pr\u00e8s des Pics d\u2019Europe), et son cimeti\u00e8re. Nous nous recueillons sur la tombe de l\u2019avant dernier gu\u00e9rillero de ces montagnes tomb\u00e9 sous les balles franquistes en 1957, Juanin. Une plaque comm\u00e9more son histoire. Pr\u00e8s\u2026","rel":"","context":"Dans &quot;Cantabrie 2014&quot;","block_context":{"text":"Cantabrie 2014","link":"https:\/\/mer47.org\/wp\/category\/activites-associatives\/voyages\/cantabrie-2014\/"},"img":{"alt_text":"","src":"https:\/\/i0.wp.com\/mer47.org\/wp\/wp-content\/uploads\/2014\/06\/Tombe_Juanin.jpg?fit=850%2C523&ssl=1&resize=350%2C200","width":350,"height":200,"srcset":"https:\/\/i0.wp.com\/mer47.org\/wp\/wp-content\/uploads\/2014\/06\/Tombe_Juanin.jpg?fit=850%2C523&ssl=1&resize=350%2C200 1x, https:\/\/i0.wp.com\/mer47.org\/wp\/wp-content\/uploads\/2014\/06\/Tombe_Juanin.jpg?fit=850%2C523&ssl=1&resize=525%2C300 1.5x, https:\/\/i0.wp.com\/mer47.org\/wp\/wp-content\/uploads\/2014\/06\/Tombe_Juanin.jpg?fit=850%2C523&ssl=1&resize=700%2C400 2x"},"classes":[]},{"id":2047,"url":"https:\/\/mer47.org\/wp\/voyage-en-cantabrie-6-4-conference-antonio-ontanon-toca\/","url_meta":{"origin":1910,"position":2},"title":"Voyage en Cantabrie \u2013 6.4 \u2013 Conf\u00e9rence de Antonio Onta\u00f1on Toca : r\u00e9cup\u00e9ration de la M\u00e9moire historique","author":"R\u00e9daction MER47","date":"3 juin 2014","format":false,"excerpt":"Conf\u00e9rence de Antonio Onta\u00f1on Toca\u00a0: r\u00e9cup\u00e9ration de la M\u00e9moire historique Antonio Onta\u00f1onToca aborde la loi de la R\u00e9cup\u00e9ration de la M\u00e9moire Historique apr\u00e8s une belle soir\u00e9e r\u00e9cr\u00e9ative. Le 2 Mai au soir, nous nous sommes retrouv\u00e9s avec Waldo, le groupe de Camargo, Antonio Onta\u00f1onTocaet son \u00e9pouse. Nous avons chant\u00e9, lu\u2026","rel":"","context":"Dans &quot;Cantabrie 2014&quot;","block_context":{"text":"Cantabrie 2014","link":"https:\/\/mer47.org\/wp\/category\/activites-associatives\/voyages\/cantabrie-2014\/"},"img":{"alt_text":"","src":"https:\/\/i0.wp.com\/mer47.org\/wp\/wp-content\/uploads\/2014\/06\/Antonio_Onta%C3%B1on_Toca.jpg?fit=850%2C478&ssl=1&resize=350%2C200","width":350,"height":200,"srcset":"https:\/\/i0.wp.com\/mer47.org\/wp\/wp-content\/uploads\/2014\/06\/Antonio_Onta%C3%B1on_Toca.jpg?fit=850%2C478&ssl=1&resize=350%2C200 1x, https:\/\/i0.wp.com\/mer47.org\/wp\/wp-content\/uploads\/2014\/06\/Antonio_Onta%C3%B1on_Toca.jpg?fit=850%2C478&ssl=1&resize=525%2C300 1.5x, https:\/\/i0.wp.com\/mer47.org\/wp\/wp-content\/uploads\/2014\/06\/Antonio_Onta%C3%B1on_Toca.jpg?fit=850%2C478&ssl=1&resize=700%2C400 2x"},"classes":[]},{"id":1872,"url":"https:\/\/mer47.org\/wp\/voyage-en-cantabrie-4-visite-du-memorial-camargo\/","url_meta":{"origin":1910,"position":3},"title":"Voyage en Cantabrie \u2013 4 \u2013 Visite du M\u00e9morial de Camargo","author":"R\u00e9daction MER47","date":"19 mai 2014","format":false,"excerpt":"Le 2 mai Visite \u00e0 Camargo du M\u00e9morial des victimes du Nazisme et du Fascime Le jour de la f\u00eate comm\u00e9morative du 2 de Mayo, soul\u00e8vement du peuple espagnol contre les troupes de Napol\u00e9on en 1808, nous nous sommes rendus \u00e0 la mairie de Camargo o\u00f9 nous avons \u00e9t\u00e9 re\u00e7us\u2026","rel":"","context":"Dans &quot;Cantabrie 2014&quot;","block_context":{"text":"Cantabrie 2014","link":"https:\/\/mer47.org\/wp\/category\/activites-associatives\/voyages\/cantabrie-2014\/"},"img":{"alt_text":"","src":"https:\/\/i0.wp.com\/mer47.org\/wp\/wp-content\/uploads\/2014\/05\/Camargo_10.jpg?fit=1200%2C557&ssl=1&resize=350%2C200","width":350,"height":200,"srcset":"https:\/\/i0.wp.com\/mer47.org\/wp\/wp-content\/uploads\/2014\/05\/Camargo_10.jpg?fit=1200%2C557&ssl=1&resize=350%2C200 1x, https:\/\/i0.wp.com\/mer47.org\/wp\/wp-content\/uploads\/2014\/05\/Camargo_10.jpg?fit=1200%2C557&ssl=1&resize=525%2C300 1.5x, https:\/\/i0.wp.com\/mer47.org\/wp\/wp-content\/uploads\/2014\/05\/Camargo_10.jpg?fit=1200%2C557&ssl=1&resize=700%2C400 2x, https:\/\/i0.wp.com\/mer47.org\/wp\/wp-content\/uploads\/2014\/05\/Camargo_10.jpg?fit=1200%2C557&ssl=1&resize=1050%2C600 3x"},"classes":[]},{"id":1812,"url":"https:\/\/mer47.org\/wp\/voyage-mer47-en-cantabrie-2-pozo-fortuna\/","url_meta":{"origin":1910,"position":4},"title":"Voyage MER47 en Cantabrie &#8211; 2 &#8211; Pozo Fortuna","author":"R\u00e9daction MER47","date":"17 mai 2014","format":false,"excerpt":"Le 1er MAI Visite de la ville Mini\u00e8re de Mieres dans les Asturies et du Pozo Fortuna Un monument qui recouvre un puits bouch\u00e9, que l\u00a0\u2018on appelle Pozo Fortuna ou puits n\u00b0 4. Sous cette surface, reposent des centaines de corps, jet\u00e9s l\u00e0 par les franquistes apr\u00e8s avoir fait leur\u2026","rel":"","context":"Dans &quot;Cantabrie 2014&quot;","block_context":{"text":"Cantabrie 2014","link":"https:\/\/mer47.org\/wp\/category\/activites-associatives\/voyages\/cantabrie-2014\/"},"img":{"alt_text":"","src":"https:\/\/i0.wp.com\/mer47.org\/wp\/wp-content\/uploads\/2014\/05\/POZO_FORTUNA.jpg?fit=850%2C567&ssl=1&resize=350%2C200","width":350,"height":200,"srcset":"https:\/\/i0.wp.com\/mer47.org\/wp\/wp-content\/uploads\/2014\/05\/POZO_FORTUNA.jpg?fit=850%2C567&ssl=1&resize=350%2C200 1x, https:\/\/i0.wp.com\/mer47.org\/wp\/wp-content\/uploads\/2014\/05\/POZO_FORTUNA.jpg?fit=850%2C567&ssl=1&resize=525%2C300 1.5x, https:\/\/i0.wp.com\/mer47.org\/wp\/wp-content\/uploads\/2014\/05\/POZO_FORTUNA.jpg?fit=850%2C567&ssl=1&resize=700%2C400 2x"},"classes":[]},{"id":1525,"url":"https:\/\/mer47.org\/wp\/mer-47-organise-voyage-en-cantabrie-asturies\/","url_meta":{"origin":1910,"position":5},"title":"MER 47 ORGANISE  UN VOYAGE EN CANTABRIE ASTURIES","author":"R\u00e9daction MER47","date":"28 janvier 2014","format":false,"excerpt":"\u00a0 Apr\u00e8s\u00a0Guernica et Bilbao,\u00a0apr\u00e8s\u00a0Elne, Argel\u00e9s et le MUME,\u00a0apr\u00e8s\u00a0Toulouse et l'hospital Varsovia , un\u00a0nouveau voyage sur les lieux de la m\u00e9moire de l'Espagne\u00a0r\u00e9publicaine.\u00a0\u00a0 AU MENU DU VOYAGE \u00a0\u00a0 Mercredi 30 avril 2014\u00a0: d\u00e9part Agen \u2013 Villeneuve sur Lot - Visite de Santillana del Mar Jeudi 1er mai 2014\u00a0: circuit dans les\u2026","rel":"","context":"Dans &quot;Activit\u00e9s associatives&quot;","block_context":{"text":"Activit\u00e9s associatives","link":"https:\/\/mer47.org\/wp\/category\/activites-associatives\/"},"img":{"alt_text":"MONUMENTO BRIGADA MACHADO BEJES - CANTABRIA","src":"https:\/\/i0.wp.com\/mer47.org\/wp\/wp-content\/uploads\/2014\/01\/BEJES-2-640x480-300x225.jpg?resize=350%2C200&ssl=1","width":350,"height":200},"classes":[]}],"jetpack_shortlink":"https:\/\/wp.me\/p2FasU-uO","_links":{"self":[{"href":"https:\/\/mer47.org\/wp\/wp-json\/wp\/v2\/posts\/1910","targetHints":{"allow":["GET"]}}],"collection":[{"href":"https:\/\/mer47.org\/wp\/wp-json\/wp\/v2\/posts"}],"about":[{"href":"https:\/\/mer47.org\/wp\/wp-json\/wp\/v2\/types\/post"}],"author":[{"embeddable":true,"href":"https:\/\/mer47.org\/wp\/wp-json\/wp\/v2\/users\/129"}],"replies":[{"embeddable":true,"href":"https:\/\/mer47.org\/wp\/wp-json\/wp\/v2\/comments?post=1910"}],"version-history":[{"count":0,"href":"https:\/\/mer47.org\/wp\/wp-json\/wp\/v2\/posts\/1910\/revisions"}],"wp:featuredmedia":[{"embeddable":true,"href":"https:\/\/mer47.org\/wp\/wp-json\/wp\/v2\/media\/1915"}],"wp:attachment":[{"href":"https:\/\/mer47.org\/wp\/wp-json\/wp\/v2\/media?parent=1910"}],"wp:term":[{"taxonomy":"category","embeddable":true,"href":"https:\/\/mer47.org\/wp\/wp-json\/wp\/v2\/categories?post=1910"},{"taxonomy":"post_tag","embeddable":true,"href":"https:\/\/mer47.org\/wp\/wp-json\/wp\/v2\/tags?post=1910"}],"curies":[{"name":"wp","href":"https:\/\/api.w.org\/{rel}","templated":true}]}}