{"id":2476,"date":"2014-09-28T19:39:04","date_gmt":"2014-09-28T17:39:04","guid":{"rendered":"https:\/\/mer47.org\/wp\/?p=2476"},"modified":"2014-09-28T19:39:04","modified_gmt":"2014-09-28T17:39:04","slug":"18-octobre-2014-concert-rafa-lorenzo","status":"publish","type":"post","link":"https:\/\/mer47.org\/wp\/18-octobre-2014-concert-rafa-lorenzo\/","title":{"rendered":"18 octobre 2014 : Concert Rafa Lorenzo"},"content":{"rendered":"<h1 style=\"text-align: justify;\">Concert Rafa LORENZO<\/h1>\n<p style=\"text-align: justify;\"><span style=\"font-family: helvetica;\">Dans le cadre du colloque \u00ab\u00a0<a title=\"UHP, Unios Hermanos Proletarios, c\u2019\u00e9tait le mot d\u2019ordre en Asturies au mois d\u2019octobre 1934\" href=\"https:\/\/mer47.org\/wp\/uhp-sigle-colloque\/\" target=\"_blank\"><span style=\"font-size: 12pt;\"> <strong>UHP, Unios Hermanos Proletarios <\/strong><\/span><\/a>\u00a0\u00bb <span style=\"font-size: 12pt;\"><strong>organis\u00e9 conjointement par MER 47, les AMIS DU VIEUX NERAC et la revue ANCRAGE<\/strong><\/span>, un concert est propos\u00e9 \u00e0 21 heures \u00e0 l&rsquo;Espace d&rsquo;Albret \u00e0 N\u00e9rac.<\/span><\/p>\n<p style=\"text-align: justify;\"><span style=\"font-family: helvetica; font-size: 12pt;\">Le \u00a0\u00bb cantautor \u00a0\u00bb asturien Rafa LORENZO, accompagn\u00e9 de son groupe musical, chantera des chants r\u00e9publicains de lutte et d\u2019espoir des mineurs des Asturies.<\/span><!--more--><\/p>\n<p><span style=\"font-family: helvetica;\">\u00a0<\/span><iframe loading=\"lazy\" src=\"\/\/www.youtube.com\/embed\/fH0621nR0-w?feature=player_embedded\" width=\"640\" height=\"360\" frameborder=\"0\" allowfullscreen=\"allowfullscreen\"><\/iframe><\/p>\n","protected":false},"excerpt":{"rendered":"<p>Dans le cadre du colloque \u00a0\u00bb UHP, Unios Hermanos Proletarios \u00a0\u00bb organis\u00e9 conjointement par MER 47, les AMIS DU VIEUX NERAC et la revue ANCRAGE, un concert est propos\u00e9 \u00e0 21 heures \u00e0 l&rsquo;Espace d&rsquo;Albret \u00e0 N\u00e9rac.<\/p>\n","protected":false},"author":129,"featured_media":2480,"comment_status":"open","ping_status":"open","sticky":false,"template":"","format":"standard","meta":{"jetpack_post_was_ever_published":false,"_jetpack_newsletter_access":"","_jetpack_dont_email_post_to_subs":false,"_jetpack_newsletter_tier_id":0,"_jetpack_memberships_contains_paywalled_content":false,"_jetpack_memberships_contains_paid_content":false,"footnotes":"","jetpack_publicize_message":"","jetpack_publicize_feature_enabled":true,"jetpack_social_post_already_shared":false,"jetpack_social_options":{"image_generator_settings":{"template":"highway","default_image_id":0,"font":"","enabled":false},"version":2}},"categories":[19],"tags":[275,169,378,499,154,383,374,111,372],"class_list":["post-2476","post","type-post","status-publish","format-standard","has-post-thumbnail","hentry","category-colloques","tag-asturies","tag-colloque","tag-lutte","tag-mer","tag-mer-47","tag-nerac","tag-rafa-lorenzo","tag-republicains","tag-uhp"],"featured_image_src":"https:\/\/i0.wp.com\/mer47.org\/wp\/wp-content\/uploads\/2014\/09\/Rafa_Lorenzo.jpg?fit=539%2C419&ssl=1","author_info":{"display_name":"R\u00e9daction MER47","author_link":"https:\/\/mer47.org\/wp\/author\/redaction\/"},"jetpack_publicize_connections":[],"jetpack_featured_media_url":"https:\/\/i0.wp.com\/mer47.org\/wp\/wp-content\/uploads\/2014\/09\/Rafa_Lorenzo.jpg?fit=539%2C419&ssl=1","jetpack_sharing_enabled":true,"jetpack-related-posts":[{"id":2376,"url":"https:\/\/mer47.org\/wp\/uhp-sigle-colloque\/","url_meta":{"origin":2476,"position":0},"title":"UHP, UN SIGLE POUR UN COLLOQUE","author":"R\u00e9daction MER47","date":"10 septembre 2014","format":false,"excerpt":"\u00a0 UHP, Unios Hermanos Proletarios, c\u2019\u00e9tait le mot d\u2019ordre en Asturies au mois d\u2019octobre 1934. Le 19 novembre 1933,avec le retour des tenants de l\u2019ancien r\u00e9gime au gouvernement de l\u2019Espagne, commen\u00e7ait le bienio negro et la remise en cause des premiers acquis de la R\u00e9publique (r\u00e9formes sociales,s\u00e9paration de l\u2019\u00e9glise et\u2026","rel":"","context":"Dans &quot;Activit\u00e9s associatives&quot;","block_context":{"text":"Activit\u00e9s associatives","link":"https:\/\/mer47.org\/wp\/category\/activites-associatives\/"},"img":{"alt_text":"","src":"https:\/\/i0.wp.com\/mer47.org\/wp\/wp-content\/uploads\/2014\/09\/SOCORR1-440x640.jpg?fit=440%2C640&ssl=1&resize=350%2C200","width":350,"height":200},"classes":[]},{"id":2640,"url":"https:\/\/mer47.org\/wp\/asturies-1934-colloque-nerac-18-19-octobre-2014\/","url_meta":{"origin":2476,"position":1},"title":"ASTURIES 1934 &#8211; Colloque de N\u00e9rac : 18 et 19 octobre 2014","author":"R\u00e9daction MER47","date":"9 octobre 2014","format":false,"excerpt":"MER 47 organise \u00e0 N\u00e9rac, en collaboration avec Les Amis du Vieux N\u00e9rac et la revue ANCRAGE, un colloque \u00ab Espagne - 1934 - Actualit\u00e9 et r\u00e9per-cussions de la r\u00e9volution des Asturies \u00bb","rel":"","context":"Dans &quot;Colloques&quot;","block_context":{"text":"Colloques","link":"https:\/\/mer47.org\/wp\/category\/activites-associatives\/colloques\/"},"img":{"alt_text":"","src":"https:\/\/i0.wp.com\/mer47.org\/wp\/wp-content\/uploads\/2014\/10\/Asturias-miners-340x221.jpg?fit=822%2C534&ssl=1&resize=350%2C200","width":350,"height":200,"srcset":"https:\/\/i0.wp.com\/mer47.org\/wp\/wp-content\/uploads\/2014\/10\/Asturias-miners-340x221.jpg?fit=822%2C534&ssl=1&resize=350%2C200 1x, https:\/\/i0.wp.com\/mer47.org\/wp\/wp-content\/uploads\/2014\/10\/Asturias-miners-340x221.jpg?fit=822%2C534&ssl=1&resize=525%2C300 1.5x, https:\/\/i0.wp.com\/mer47.org\/wp\/wp-content\/uploads\/2014\/10\/Asturias-miners-340x221.jpg?fit=822%2C534&ssl=1&resize=700%2C400 2x"},"classes":[]},{"id":3604,"url":"https:\/\/mer47.org\/wp\/rouge-charbon-actes-du-colloque-de-nerac-2014\/","url_meta":{"origin":2476,"position":2},"title":"Rouge Charbon &#8211; actes du colloque de N\u00e9rac &#8211; 2014","author":"R\u00e9daction MER47","date":"24 novembre 2015","format":false,"excerpt":"Colloque de N\u00e9rac, enfin les actes\u00a0! Les 18 et 19 octobre 2014 s\u2019\u00e9tait tenu \u00e0 N\u00e9rac un colloque organis\u00e9 conjointement par MER 47, les Amis du Vieux N\u00e9rac (AVN) et la revue Ancrage - La m\u00e9moire des m\u00e9tissages du Sud-Ouest. 80 ans apr\u00e8s, l\u2019Espagne de 1934 et la r\u00e9volution des\u2026","rel":"","context":"Dans &quot;Colloques&quot;","block_context":{"text":"Colloques","link":"https:\/\/mer47.org\/wp\/category\/activites-associatives\/colloques\/"},"img":{"alt_text":"","src":"https:\/\/i0.wp.com\/mer47.org\/wp\/wp-content\/uploads\/2014\/10\/Asturias-miners-340x221.jpg?fit=822%2C534&ssl=1&resize=350%2C200","width":350,"height":200,"srcset":"https:\/\/i0.wp.com\/mer47.org\/wp\/wp-content\/uploads\/2014\/10\/Asturias-miners-340x221.jpg?fit=822%2C534&ssl=1&resize=350%2C200 1x, https:\/\/i0.wp.com\/mer47.org\/wp\/wp-content\/uploads\/2014\/10\/Asturias-miners-340x221.jpg?fit=822%2C534&ssl=1&resize=525%2C300 1.5x, https:\/\/i0.wp.com\/mer47.org\/wp\/wp-content\/uploads\/2014\/10\/Asturias-miners-340x221.jpg?fit=822%2C534&ssl=1&resize=700%2C400 2x"},"classes":[]},{"id":1121,"url":"https:\/\/mer47.org\/wp\/colloque-revolution-asturies\/","url_meta":{"origin":2476,"position":3},"title":"COLLOQUE SUR LA REVOLUTION DES ASTURIES","author":"R\u00e9daction MER47","date":"11 octobre 2013","format":false,"excerpt":"\u00a0 MER 47 organise au mois d\u2019octobre 2014 en association avec les AVN (Amis du Vieux N\u00e9rac) et la revue Ancrage un colloque sur le th\u00e8me\u00a0: \u00ab\u00a0Espagne 1934\u00a0: actualit\u00e9 et r\u00e9percussions de la r\u00e9volution des Asturies\u00a0\u00bb. Vous trouverez en pi\u00e8ce jointe l\u2019appel \u00e0 communication \u00e0 ce colloque en langues fran\u00e7aise\u2026","rel":"","context":"Dans &quot;Activit\u00e9s associatives&quot;","block_context":{"text":"Activit\u00e9s associatives","link":"https:\/\/mer47.org\/wp\/category\/activites-associatives\/"},"img":{"alt_text":"","src":"","width":0,"height":0},"classes":[]},{"id":2913,"url":"https:\/\/mer47.org\/wp\/assemblee-generale-de-mer-47-rapport-moral-et-dactivite\/","url_meta":{"origin":2476,"position":4},"title":"ASSEMBLEE GENERALE DE MER 47 : RAPPORT MORAL ET D\u2019ACTIVITE","author":"R\u00e9daction MER47","date":"18 f\u00e9vrier 2015","format":false,"excerpt":"RAPPORT MORAL ET D\u2019ACTIVITE POUR L\u2019ANNEE 2014 DE l\u2019ASSOCIATION MEMOIRE DE L\u2019ESPAGNE REPUBLICAINE EN LOT-ET-GARONNE","rel":"","context":"Dans &quot;AG 2015&quot;","block_context":{"text":"AG 2015","link":"https:\/\/mer47.org\/wp\/category\/reunions\/assemblees-generales\/ag-2015\/"},"img":{"alt_text":"Le Secr\u00e9taire David LLAMAS \u00e0 la tribune de l'Assembl\u00e9e g\u00e9n\u00e9rale ordinaire de MER 47","src":"https:\/\/i0.wp.com\/mer47.org\/wp\/wp-content\/uploads\/2015\/02\/Tribune_AG_MER47_2015_David_LLAMASD.jpg?fit=1024%2C683&ssl=1&resize=350%2C200","width":350,"height":200,"srcset":"https:\/\/i0.wp.com\/mer47.org\/wp\/wp-content\/uploads\/2015\/02\/Tribune_AG_MER47_2015_David_LLAMASD.jpg?fit=1024%2C683&ssl=1&resize=350%2C200 1x, https:\/\/i0.wp.com\/mer47.org\/wp\/wp-content\/uploads\/2015\/02\/Tribune_AG_MER47_2015_David_LLAMASD.jpg?fit=1024%2C683&ssl=1&resize=525%2C300 1.5x, https:\/\/i0.wp.com\/mer47.org\/wp\/wp-content\/uploads\/2015\/02\/Tribune_AG_MER47_2015_David_LLAMASD.jpg?fit=1024%2C683&ssl=1&resize=700%2C400 2x"},"classes":[]},{"id":2839,"url":"https:\/\/mer47.org\/wp\/colloque-nerac-revolution-asturies-doctobre-1934\/","url_meta":{"origin":2476,"position":5},"title":"COLLOQUE DE NERAC SUR LA REVOLUTION DES ASTURIES D&rsquo;OCTOBRE 1934","author":"R\u00e9daction MER47","date":"26 octobre 2014","format":false,"excerpt":"HOMMAGE A LA REVOLUTION DES ASTURIES ET AUX EVENEMENTS D\u2019OCTOBRE 1934 LORS DE DEUX JOURNEES QUI SE SONT TENUES \u00c0 L\u2019ESPACE D\u2019ALBRET DE NERAC Ce colloque s\u2019est tenu sous les auspices de MER47, les amis du Vieux N\u00e9rac, Ancrage, Genevi\u00e8ve Dreyfus-Armand, \u00a0et David Ruiz, professeur \u00a0\u00e9m\u00e9rite \u00e0 l\u2019universit\u00e9 d\u2019Oviedo et\u2026","rel":"","context":"Dans &quot;Colloques&quot;","block_context":{"text":"Colloques","link":"https:\/\/mer47.org\/wp\/category\/activites-associatives\/colloques\/"},"img":{"alt_text":"","src":"https:\/\/i0.wp.com\/mer47.org\/wp\/wp-content\/uploads\/2014\/10\/Assistance_Colloque_UHP.jpg?fit=822%2C548&ssl=1&resize=350%2C200","width":350,"height":200,"srcset":"https:\/\/i0.wp.com\/mer47.org\/wp\/wp-content\/uploads\/2014\/10\/Assistance_Colloque_UHP.jpg?fit=822%2C548&ssl=1&resize=350%2C200 1x, https:\/\/i0.wp.com\/mer47.org\/wp\/wp-content\/uploads\/2014\/10\/Assistance_Colloque_UHP.jpg?fit=822%2C548&ssl=1&resize=525%2C300 1.5x, https:\/\/i0.wp.com\/mer47.org\/wp\/wp-content\/uploads\/2014\/10\/Assistance_Colloque_UHP.jpg?fit=822%2C548&ssl=1&resize=700%2C400 2x"},"classes":[]}],"jetpack_shortlink":"https:\/\/wp.me\/p2FasU-DW","_links":{"self":[{"href":"https:\/\/mer47.org\/wp\/wp-json\/wp\/v2\/posts\/2476","targetHints":{"allow":["GET"]}}],"collection":[{"href":"https:\/\/mer47.org\/wp\/wp-json\/wp\/v2\/posts"}],"about":[{"href":"https:\/\/mer47.org\/wp\/wp-json\/wp\/v2\/types\/post"}],"author":[{"embeddable":true,"href":"https:\/\/mer47.org\/wp\/wp-json\/wp\/v2\/users\/129"}],"replies":[{"embeddable":true,"href":"https:\/\/mer47.org\/wp\/wp-json\/wp\/v2\/comments?post=2476"}],"version-history":[{"count":0,"href":"https:\/\/mer47.org\/wp\/wp-json\/wp\/v2\/posts\/2476\/revisions"}],"wp:featuredmedia":[{"embeddable":true,"href":"https:\/\/mer47.org\/wp\/wp-json\/wp\/v2\/media\/2480"}],"wp:attachment":[{"href":"https:\/\/mer47.org\/wp\/wp-json\/wp\/v2\/media?parent=2476"}],"wp:term":[{"taxonomy":"category","embeddable":true,"href":"https:\/\/mer47.org\/wp\/wp-json\/wp\/v2\/categories?post=2476"},{"taxonomy":"post_tag","embeddable":true,"href":"https:\/\/mer47.org\/wp\/wp-json\/wp\/v2\/tags?post=2476"}],"curies":[{"name":"wp","href":"https:\/\/api.w.org\/{rel}","templated":true}]}}