{"id":2988,"date":"2015-02-26T12:33:04","date_gmt":"2015-02-26T10:33:04","guid":{"rendered":"https:\/\/mer47.org\/wp\/?p=2988"},"modified":"2020-02-17T09:43:19","modified_gmt":"2020-02-17T08:43:19","slug":"commemoration-des-evenements-deysses-de-fevrier-1944","status":"publish","type":"post","link":"https:\/\/mer47.org\/wp\/commemoration-des-evenements-deysses-de-fevrier-1944\/","title":{"rendered":"Comm\u00e9moration des \u00e9v\u00e9nements d&rsquo;EYSSES de f\u00e9vrier 1944"},"content":{"rendered":"<h1>La contribution des d\u00e9tenus r\u00e9publicains espagnols \u00e0 EYSSES<\/h1>\n<p style=\"text-align: justify;\">Rappelons que la direction de la r\u00e9volte des prisonniers politiques avait \u00e9t\u00e9 confi\u00e9e au colonel Fernand BERNARD parce qu&rsquo;il avait eu la responsabilit\u00e9 du commandement de la 139<sup>\u00e8me<\/sup> Brigade Internationale pendant la guerre civile espagnole en mai 1938.<!--more--><\/p>\n<p style=\"text-align: justify;\">85 r\u00e9publicains espagnols \u00e9taient d\u00e9tenus dans la centrale. Dans le cadre de l&rsquo;organisation militaire de la r\u00e9bellion, les Espagnols int\u00e8grent le mouvement tout en gardant une forte coh\u00e9sion. Au moment ou les combats commenc\u00e8rent, ce sont les Espagnols qui fournirent les groupes de choc les plus efficaces parce qu\u2019aguerris par leur exp\u00e9rience acquise lors la guerre civile. Apr\u00e8s l&rsquo;\u00e9chec de la tentative d&rsquo;\u00e9vasion et un proc\u00e8s inique, deux d&rsquo;entre-eux furent conduits devant le peloton d&rsquo;ex\u00e9cution\u00a0: Jaime SERO BERNAT et Domenec SERVETO BERTRAN. Ils faisaient partie des 12 fusill\u00e9s, condamn\u00e9s \u00e0 mort par le gouvernement de Vichy. Un troisi\u00e8me, Angel HUERGA FIERRO, fut la victime des brutaux s\u00e9vices des soldats SS lors de son transport, le 31 mai 1944, vers la gare de Penne d&rsquo;Agenais \u00e0 l&rsquo;occasion du transfert des 1 200 prisonniers de la centrale d&rsquo;EYSSES vers les camps de concentration et de la mort en Allemagne.<\/p>\n<table border=\"1\" width=\"100%\" cellspacing=\"0\" cellpadding=\"4\">\n<colgroup>\n<col width=\"85*\" \/>\n<col width=\"85*\" \/>\n<col width=\"85*\" \/> <\/colgroup>\n<tbody>\n<tr valign=\"TOP\">\n<td width=\"33%\"><\/td>\n<td width=\"33%\"><\/td>\n<td width=\"33%\"><\/td>\n<\/tr>\n<tr valign=\"TOP\">\n<td width=\"33%\">Jaime SERO BERNAT<\/td>\n<td width=\"33%\">Domenec SERVETO BERTRAN<\/td>\n<td width=\"33%\">Angel HUERGA FIERRO<\/td>\n<\/tr>\n<\/tbody>\n<\/table>\n<p>&nbsp;<\/p>\n<p style=\"text-align: justify;\">Dimanche 22 f\u00e9vrier 2015, MER 47 s&rsquo;est jointe aux autres associations en charge du maintien de la M\u00e9moire pour rendre hommage aux douze victimes de la r\u00e9pression fasciste devant le Mur des Fusill\u00e9s de la centrale d&rsquo;EYSSES, en d\u00e9posant une gerbe au nom des membres de l&rsquo;association.<\/p>\n<figure id=\"attachment_2995\" aria-describedby=\"caption-attachment-2995\" style=\"width: 640px\" class=\"wp-caption aligncenter\"><a href=\"https:\/\/i0.wp.com\/mer47.org\/wp\/wp-content\/uploads\/2015\/02\/Mur-des-Fusilles1.jpg?ssl=1\"><img data-recalc-dims=\"1\" loading=\"lazy\" decoding=\"async\" data-attachment-id=\"2995\" data-permalink=\"https:\/\/mer47.org\/wp\/commemoration-des-evenements-deysses-de-fevrier-1944\/mur-des-fusilles-2\/\" data-orig-file=\"https:\/\/i0.wp.com\/mer47.org\/wp\/wp-content\/uploads\/2015\/02\/Mur-des-Fusilles1.jpg?fit=640%2C361&amp;ssl=1\" data-orig-size=\"640,361\" data-comments-opened=\"1\" data-image-meta=\"{&quot;aperture&quot;:&quot;5.9&quot;,&quot;credit&quot;:&quot;Picasa&quot;,&quot;camera&quot;:&quot;DMC-FX37&quot;,&quot;caption&quot;:&quot;&quot;,&quot;created_timestamp&quot;:&quot;1424607701&quot;,&quot;copyright&quot;:&quot;&quot;,&quot;focal_length&quot;:&quot;22&quot;,&quot;iso&quot;:&quot;400&quot;,&quot;shutter_speed&quot;:&quot;0.00625&quot;,&quot;title&quot;:&quot;&quot;,&quot;orientation&quot;:&quot;0&quot;}\" data-image-title=\"Mur des Fusilles d&amp;rsquo;Eysses\" data-image-description=\"\" data-image-caption=\"&lt;p&gt;Mur des Fusilles d&amp;rsquo;Eysses&lt;\/p&gt;\n\" data-large-file=\"https:\/\/i0.wp.com\/mer47.org\/wp\/wp-content\/uploads\/2015\/02\/Mur-des-Fusilles1.jpg?fit=525%2C296&amp;ssl=1\" class=\"wp-image-2995 size-full\" src=\"https:\/\/i0.wp.com\/mer47.org\/wp\/wp-content\/uploads\/2015\/02\/Mur-des-Fusilles1.jpg?resize=525%2C296&#038;ssl=1\" alt=\"Mur des Fusilles d'Eysses\" width=\"525\" height=\"296\" srcset=\"https:\/\/i0.wp.com\/mer47.org\/wp\/wp-content\/uploads\/2015\/02\/Mur-des-Fusilles1.jpg?w=640&amp;ssl=1 640w, https:\/\/i0.wp.com\/mer47.org\/wp\/wp-content\/uploads\/2015\/02\/Mur-des-Fusilles1.jpg?resize=300%2C169&amp;ssl=1 300w, https:\/\/i0.wp.com\/mer47.org\/wp\/wp-content\/uploads\/2015\/02\/Mur-des-Fusilles1.jpg?resize=600%2C338&amp;ssl=1 600w\" sizes=\"auto, (max-width: 525px) 100vw, 525px\" \/><\/a><figcaption id=\"caption-attachment-2995\" class=\"wp-caption-text\">Mur des Fusilles d&rsquo;Eysses<\/figcaption><\/figure>\n<p>&nbsp;<\/p>\n<figure id=\"attachment_2998\" aria-describedby=\"caption-attachment-2998\" style=\"width: 271px\" class=\"wp-caption aligncenter\"><a href=\"https:\/\/i0.wp.com\/mer47.org\/wp\/wp-content\/uploads\/2015\/02\/Gerbe-MER-471.jpg?ssl=1\"><img data-recalc-dims=\"1\" loading=\"lazy\" decoding=\"async\" data-attachment-id=\"2998\" data-permalink=\"https:\/\/mer47.org\/wp\/commemoration-des-evenements-deysses-de-fevrier-1944\/gerbe-mer-47-2\/\" data-orig-file=\"https:\/\/i0.wp.com\/mer47.org\/wp\/wp-content\/uploads\/2015\/02\/Gerbe-MER-471.jpg?fit=271%2C480&amp;ssl=1\" data-orig-size=\"271,480\" data-comments-opened=\"1\" data-image-meta=\"{&quot;aperture&quot;:&quot;2.8&quot;,&quot;credit&quot;:&quot;Picasa&quot;,&quot;camera&quot;:&quot;DMC-FX37&quot;,&quot;caption&quot;:&quot;&quot;,&quot;created_timestamp&quot;:&quot;1424609101&quot;,&quot;copyright&quot;:&quot;&quot;,&quot;focal_length&quot;:&quot;4.4&quot;,&quot;iso&quot;:&quot;160&quot;,&quot;shutter_speed&quot;:&quot;0.002&quot;,&quot;title&quot;:&quot;&quot;,&quot;orientation&quot;:&quot;0&quot;}\" data-image-title=\"Gerbe MER 47 \u00e0 EYSSES\" data-image-description=\"\" data-image-caption=\"&lt;p&gt;Gerbe MER 47 \u00e0 EYSSES&lt;\/p&gt;\n\" data-large-file=\"https:\/\/i0.wp.com\/mer47.org\/wp\/wp-content\/uploads\/2015\/02\/Gerbe-MER-471.jpg?fit=271%2C480&amp;ssl=1\" class=\"wp-image-2998 size-full\" src=\"https:\/\/i0.wp.com\/mer47.org\/wp\/wp-content\/uploads\/2015\/02\/Gerbe-MER-471.jpg?resize=271%2C480&#038;ssl=1\" alt=\"Gerbe MER 47 \u00e0 EYSSES\" width=\"271\" height=\"480\" srcset=\"https:\/\/i0.wp.com\/mer47.org\/wp\/wp-content\/uploads\/2015\/02\/Gerbe-MER-471.jpg?w=271&amp;ssl=1 271w, https:\/\/i0.wp.com\/mer47.org\/wp\/wp-content\/uploads\/2015\/02\/Gerbe-MER-471.jpg?resize=169%2C300&amp;ssl=1 169w\" sizes=\"auto, (max-width: 271px) 100vw, 271px\" \/><\/a><figcaption id=\"caption-attachment-2998\" class=\"wp-caption-text\">Gerbe MER 47 \u00e0 EYSSES<\/figcaption><\/figure>\n<div id=\"s3gt_translate_tooltip\" style=\"left: 1380px; top: 1919px;\"><\/div>\n","protected":false},"excerpt":{"rendered":"<p>Contribution des d\u00e9tenus r\u00e9publicains espagnols lors de la tentative d&rsquo;\u00e9vasion de la centrale d&rsquo;EYSSES<\/p>\n","protected":false},"author":129,"featured_media":2994,"comment_status":"open","ping_status":"open","sticky":false,"template":"","format":"standard","meta":{"jetpack_post_was_ever_published":false,"_jetpack_newsletter_access":"","_jetpack_dont_email_post_to_subs":false,"_jetpack_newsletter_tier_id":0,"_jetpack_memberships_contains_paywalled_content":false,"_jetpack_memberships_contains_paid_content":false,"footnotes":"","jetpack_publicize_message":"","jetpack_publicize_feature_enabled":true,"jetpack_social_post_already_shared":false,"jetpack_social_options":{"image_generator_settings":{"template":"highway","default_image_id":0,"font":"","enabled":false},"version":2}},"categories":[14],"tags":[32,251,107,202,543,138,54,443,220,530,533,201,141,499,154,259,324,458,207,111,106],"class_list":["post-2988","post","type-post","status-publish","format-standard","has-post-thumbnail","hentry","category-commemorations","tag-camps","tag-combats","tag-commemoration","tag-domenec-serveto-bertran","tag-espagnole","tag-espagnols","tag-eysses","tag-gare","tag-gerbe","tag-guerre","tag-guerre-civile","tag-jaime-sero-bernat","tag-memoire-2","tag-mer","tag-mer-47","tag-mort","tag-penne-dagenais","tag-proces","tag-repression","tag-republicains","tag-republicains-espagnols"],"featured_image_src":"https:\/\/i0.wp.com\/mer47.org\/wp\/wp-content\/uploads\/2015\/02\/Gerbe-MER-47-une.jpg?fit=852%2C480&ssl=1","author_info":{"display_name":"R\u00e9daction MER47","author_link":"https:\/\/mer47.org\/wp\/author\/redaction\/"},"jetpack_publicize_connections":[],"jetpack_featured_media_url":"https:\/\/i0.wp.com\/mer47.org\/wp\/wp-content\/uploads\/2015\/02\/Gerbe-MER-47-une.jpg?fit=852%2C480&ssl=1","jetpack_sharing_enabled":true,"jetpack-related-posts":[{"id":2551,"url":"https:\/\/mer47.org\/wp\/abban-les-republicains-espagnols-en-lot-garonne-8\/","url_meta":{"origin":2988,"position":0},"title":"Les R\u00e9publicains Espagnols en Lot-et-Garonne &#8211; 8- Eysses","author":"R\u00e9daction MER47","date":"15 octobre 2014","format":false,"excerpt":"En septembre 1943, le gouvernement de Vichy d\u00e9cide de concentrer tous les condamn\u00e9s et pr\u00e9venus pour faits terroristes dans seize prisons dont Eysses en Lot-et-Garonne. Ils seront finalement 1 200 \u00e0 rejoindre la centrale, venus principalement de la zone Sud mais aussi de Paris et du Nord","rel":"","context":"Dans &quot;M\u00e9moire&quot;","block_context":{"text":"M\u00e9moire","link":"https:\/\/mer47.org\/wp\/category\/memoire\/"},"img":{"alt_text":"","src":"https:\/\/i0.wp.com\/mer47.org\/wp\/wp-content\/uploads\/2014\/10\/Eysses_Mur_Fusilles.jpg?fit=822%2C418&ssl=1&resize=350%2C200","width":350,"height":200,"srcset":"https:\/\/i0.wp.com\/mer47.org\/wp\/wp-content\/uploads\/2014\/10\/Eysses_Mur_Fusilles.jpg?fit=822%2C418&ssl=1&resize=350%2C200 1x, https:\/\/i0.wp.com\/mer47.org\/wp\/wp-content\/uploads\/2014\/10\/Eysses_Mur_Fusilles.jpg?fit=822%2C418&ssl=1&resize=525%2C300 1.5x, https:\/\/i0.wp.com\/mer47.org\/wp\/wp-content\/uploads\/2014\/10\/Eysses_Mur_Fusilles.jpg?fit=822%2C418&ssl=1&resize=700%2C400 2x"},"classes":[]},{"id":1562,"url":"https:\/\/mer47.org\/wp\/assemblee-generale-2014-tournee-vers-lavenir\/","url_meta":{"origin":2988,"position":1},"title":"UNE ASSEMBLEE GENERALE 2014 TOURNEE VERS L&rsquo;AVENIR","author":"R\u00e9daction MER47","date":"19 f\u00e9vrier 2014","format":false,"excerpt":"\u00a0 L\u2019occasion de faire le bilan de l\u2019ann\u00e9e \u00e9coul\u00e9e et de ses points forts\u00a0: visite de la Maternit\u00e9 d\u2019Elne, Argel\u00e9s sur Mer, Collioure et le MUME, journ\u00e9e de rentr\u00e9e sur les brigades internationales et hommage \u00e0 notre v\u00e9t\u00e9ran et brigadiste lot et garonnais\u00a0 Antoine PI\u00d1OL, l\u2019hospital Varsovia et le circuit\u2026","rel":"","context":"Dans &quot;Activit\u00e9s associatives&quot;","block_context":{"text":"Activit\u00e9s associatives","link":"https:\/\/mer47.org\/wp\/category\/activites-associatives\/"},"img":{"alt_text":"Avant le d\u00e9but de l'assembl\u00e9e g\u00e9n\u00e9rale recueillement devant le Monument D\u00e9partemental des R\u00e9publicains Espagnols Square Antonio Machado","src":"https:\/\/i0.wp.com\/mer47.org\/wp\/wp-content\/uploads\/2014\/02\/L1050075-640x480-300x225.jpg?resize=350%2C200&ssl=1","width":350,"height":200},"classes":[]},{"id":1640,"url":"https:\/\/mer47.org\/wp\/iv-lassemblee-generale-de-mer-47-du-9-fevrier-2014-en-videos-resistance-espagnole-en-zone-occupee\/","url_meta":{"origin":2988,"position":2},"title":"IV \u2013 L\u2019assembl\u00e9e g\u00e9n\u00e9rale de MER 47 du 9 f\u00e9vrier 2014 en vid\u00e9os \u2013 R\u00c9SISTANCE ESPAGNOLE EN ZONE OCCUPEE","author":"R\u00e9daction MER47","date":"27 f\u00e9vrier 2014","format":false,"excerpt":"FABIEN GARRIDO : R\u00c9SISTANCE R\u00c9PUBLICAINE ESPAGNOLE EN ZONE OCCUP\u00c9E De EYSSES \u00e0 la d\u00e9portation \u00ab\u00a0R\u00e9publicains Espagnols\u00a0: R\u00e9sistance et R\u00e9pression, de Eysses \u00e0 la d\u00e9portation\u00a0\u00bb, un expos\u00e9 dense et pr\u00e9cis de Fabien GARRIDO qui retra\u00e7ait les luttes des antifascistes espagnols pour la lib\u00e9ration de la France et la r\u00e9pression impitoyable qu\u2019ils\u2026","rel":"","context":"Dans &quot;Assembl\u00e9es g\u00e9n\u00e9rales&quot;","block_context":{"text":"Assembl\u00e9es g\u00e9n\u00e9rales","link":"https:\/\/mer47.org\/wp\/category\/reunions\/assemblees-generales\/"},"img":{"alt_text":"","src":"","width":0,"height":0},"classes":[]},{"id":546,"url":"https:\/\/mer47.org\/wp\/un-livre-a-decouvrir\/","url_meta":{"origin":2988,"position":3},"title":"Un livre \u00e0 d\u00e9couvrir","author":"R\u00e9daction MER47","date":"19 d\u00e9cembre 2012","format":"aside","excerpt":"R\u00e9sonances fran\u00e7aises de la guerre d'Espagne. Un ouvrage de 365 pages qui traite 6 th\u00e8mes majeurs encore peu connus. PREMIERE PARTIE 1936-1939 : Solidarit\u00e9 et\/ou hostilit\u00e9 en France envers la R\u00e9publique espagnole La solidarit\u00e9 avec les R\u00e9publicains espagnols dans un d\u00e9partement rural du Sud-Ouest : le Lot-et-Garonne Pierre Robin Les\u2026","rel":"","context":"Dans &quot;Publications&quot;","block_context":{"text":"Publications","link":"https:\/\/mer47.org\/wp\/category\/publications\/"},"img":{"alt_text":"","src":"","width":0,"height":0},"classes":[]},{"id":3381,"url":"https:\/\/mer47.org\/wp\/camp-de-gurs-presentation-tml-voyage-mer-47-1\/","url_meta":{"origin":2988,"position":4},"title":"Camp de GURS &#8211; pr\u00e9sentation TML &#8211; voyage MER 47 &#8211; 1","author":"R\u00e9daction MER47","date":"19 septembre 2015","format":false,"excerpt":"A Gurs, Raymond VILLALBA fait resurgir la m\u00e9moire de tous ceux qui ont eu \u00e0 conna\u00eetre les souffrances inflig\u00e9es par le syst\u00e8me concentrationnaire de la IIIe R\u00e9publique fran\u00e7aise puis du r\u00e9gime de Vichy. Syst\u00e8me mis en \u0153uvre pour se d\u00e9barrasser des Brigadistes internationaux, des R\u00e9publicains espagnols, des Juifs...","rel":"","context":"Dans &quot;Voyages&quot;","block_context":{"text":"Voyages","link":"https:\/\/mer47.org\/wp\/category\/activites-associatives\/voyages\/"},"img":{"alt_text":"Camp de Gurs","src":"https:\/\/i0.wp.com\/mer47.org\/wp\/wp-content\/uploads\/2015\/09\/Camp_de_Gurs.jpg?fit=822%2C595&ssl=1&resize=350%2C200","width":350,"height":200,"srcset":"https:\/\/i0.wp.com\/mer47.org\/wp\/wp-content\/uploads\/2015\/09\/Camp_de_Gurs.jpg?fit=822%2C595&ssl=1&resize=350%2C200 1x, https:\/\/i0.wp.com\/mer47.org\/wp\/wp-content\/uploads\/2015\/09\/Camp_de_Gurs.jpg?fit=822%2C595&ssl=1&resize=525%2C300 1.5x, https:\/\/i0.wp.com\/mer47.org\/wp\/wp-content\/uploads\/2015\/09\/Camp_de_Gurs.jpg?fit=822%2C595&ssl=1&resize=700%2C400 2x"},"classes":[]},{"id":4682,"url":"https:\/\/mer47.org\/wp\/les-conferences-de-mer-47-fabien-garrido\/","url_meta":{"origin":2988,"position":5},"title":"Les conf\u00e9rences de MER 47 : Fabien Garrido","author":"R\u00e9daction MER47","date":"4 septembre 2017","format":false,"excerpt":"\u00a0MER 47, tr\u00e8s rapidement apr\u00e8s sa naissance, a eu le souci de diffuser aupr\u00e8s d\u2019un large public la connaissance du v\u00e9cu des exil\u00e9s r\u00e9publicains en France et de leurs combats mais aussi de ce qu\u2019avait repr\u00e9sent\u00e9 pour l\u2019Espagne la deuxi\u00e8me R\u00e9publique proclam\u00e9e le 14 avril 1931. \u00a0 Spectacles, projections-d\u00e9bats cin\u00e9matographiques\u2026","rel":"","context":"Dans &quot;Activit\u00e9s associatives&quot;","block_context":{"text":"Activit\u00e9s associatives","link":"https:\/\/mer47.org\/wp\/category\/activites-associatives\/"},"img":{"alt_text":"","src":"","width":0,"height":0},"classes":[]}],"jetpack_shortlink":"https:\/\/wp.me\/p2FasU-Mc","_links":{"self":[{"href":"https:\/\/mer47.org\/wp\/wp-json\/wp\/v2\/posts\/2988","targetHints":{"allow":["GET"]}}],"collection":[{"href":"https:\/\/mer47.org\/wp\/wp-json\/wp\/v2\/posts"}],"about":[{"href":"https:\/\/mer47.org\/wp\/wp-json\/wp\/v2\/types\/post"}],"author":[{"embeddable":true,"href":"https:\/\/mer47.org\/wp\/wp-json\/wp\/v2\/users\/129"}],"replies":[{"embeddable":true,"href":"https:\/\/mer47.org\/wp\/wp-json\/wp\/v2\/comments?post=2988"}],"version-history":[{"count":0,"href":"https:\/\/mer47.org\/wp\/wp-json\/wp\/v2\/posts\/2988\/revisions"}],"wp:featuredmedia":[{"embeddable":true,"href":"https:\/\/mer47.org\/wp\/wp-json\/wp\/v2\/media\/2994"}],"wp:attachment":[{"href":"https:\/\/mer47.org\/wp\/wp-json\/wp\/v2\/media?parent=2988"}],"wp:term":[{"taxonomy":"category","embeddable":true,"href":"https:\/\/mer47.org\/wp\/wp-json\/wp\/v2\/categories?post=2988"},{"taxonomy":"post_tag","embeddable":true,"href":"https:\/\/mer47.org\/wp\/wp-json\/wp\/v2\/tags?post=2988"}],"curies":[{"name":"wp","href":"https:\/\/api.w.org\/{rel}","templated":true}]}}