{"id":5051,"date":"2018-05-05T09:24:13","date_gmt":"2018-05-05T07:24:13","guid":{"rendered":"https:\/\/mer47.org\/wp\/?p=5051"},"modified":"2018-05-05T09:24:13","modified_gmt":"2018-05-05T07:24:13","slug":"teruel-pozos-de-caude-voyage-mer-47-3","status":"publish","type":"post","link":"https:\/\/mer47.org\/wp\/teruel-pozos-de-caude-voyage-mer-47-3\/","title":{"rendered":"TERUEL &#8211; POZOS DE CAUDE &#8211; voyage MER 47 &#8211; 3"},"content":{"rendered":"<p style=\"text-align: justify;\">Le 14 avril nous am\u00e8ne \u00e0 Teruel, belle ville riche de son pass\u00e9 architectural mozarabe, mauresque et art et d\u00e9co qui nous accueille par une manifestation religieuse avec tambours g\u00e9ants. Nous avons le temps de d\u00e9couvrir son march\u00e9, ses sp\u00e9cialit\u00e9s, la tour des amants de Teruel, son mus\u00e9e qui accueille une exposition temporaire et itin\u00e9rante sur la bataille de Teruel et bien d\u2019autres lieux &#8230;<\/p>\n<p style=\"text-align: justify;\"><!--more--><br \/>\n <strong>La bataille de Teruel\u00a0<\/strong><\/p>\n<p style=\"text-align: justify;\">Entre le 15 d\u00e9cembre 1937 et le 22 f\u00e9vrier 1938, la ville de Teruel changea plusieurs fois de mains et subit de lourds bombardements de l\u2019artillerie et de l\u2019aviation. Apr\u00e8s que les r\u00e9publicains aient pris le dessus, le 9 janvier 1938 une contre -offensive des nationalistes assure la chute de la ville le 22 f\u00e9vrier. Les pertes humaines dans la ville et les environs furent consid\u00e9rables des deux c\u00f4t\u00e9s : 57000 morts franquistes et 85 000 morts r\u00e9publicains.<\/p>\n<p style=\"text-align: justify;\"><strong>El Pozo de Caude<\/strong><\/p>\n<figure id=\"attachment_5098\" aria-describedby=\"caption-attachment-5098\" style=\"width: 300px\" class=\"wp-caption alignleft\"><img data-recalc-dims=\"1\" loading=\"lazy\" decoding=\"async\" data-attachment-id=\"5098\" data-permalink=\"https:\/\/mer47.org\/wp\/teruel-pozos-de-caude-voyage-mer-47-3\/le-mur-des-victimes\/\" data-orig-file=\"https:\/\/i0.wp.com\/mer47.org\/wp\/wp-content\/uploads\/2018\/04\/Le-mur-des-victimes.jpg?fit=640%2C425&amp;ssl=1\" data-orig-size=\"640,425\" data-comments-opened=\"1\" data-image-meta=\"{&quot;aperture&quot;:&quot;10&quot;,&quot;credit&quot;:&quot;Miranda Saiz Alain&quot;,&quot;camera&quot;:&quot;PENTAX K-3&quot;,&quot;caption&quot;:&quot;&quot;,&quot;created_timestamp&quot;:&quot;1523710986&quot;,&quot;copyright&quot;:&quot;Miranda Saiz Alain&quot;,&quot;focal_length&quot;:&quot;35&quot;,&quot;iso&quot;:&quot;200&quot;,&quot;shutter_speed&quot;:&quot;0.002&quot;,&quot;title&quot;:&quot;&quot;,&quot;orientation&quot;:&quot;0&quot;}\" data-image-title=\"Le mur des victimes\" data-image-description=\"\" data-image-caption=\"\" data-large-file=\"https:\/\/i0.wp.com\/mer47.org\/wp\/wp-content\/uploads\/2018\/04\/Le-mur-des-victimes.jpg?fit=525%2C349&amp;ssl=1\" class=\"wp-image-5098 size-medium\" src=\"https:\/\/i0.wp.com\/mer47.org\/wp\/wp-content\/uploads\/2018\/04\/Le-mur-des-victimes.jpg?resize=300%2C199&#038;ssl=1\" alt=\"\" width=\"300\" height=\"199\" srcset=\"https:\/\/i0.wp.com\/mer47.org\/wp\/wp-content\/uploads\/2018\/04\/Le-mur-des-victimes.jpg?resize=300%2C199&amp;ssl=1 300w, https:\/\/i0.wp.com\/mer47.org\/wp\/wp-content\/uploads\/2018\/04\/Le-mur-des-victimes.jpg?w=640&amp;ssl=1 640w\" sizes=\"auto, (max-width: 300px) 100vw, 300px\" \/><figcaption id=\"caption-attachment-5098\" class=\"wp-caption-text\">Le mur des victimes<\/figcaption><\/figure>\n<p style=\"text-align: justify;\">Vers 12h30, le groupe est achemin\u00e9 \u00e0 quelques kilom\u00e8tres de Teruel au lieu -dit Pozo del Caude et accueilli chaleureusement par l\u2019association m\u00e9morielle locale du m\u00eame nom que le lieu. Ici est \u00e9rig\u00e9 un monument en hommage aux r\u00e9publicains et cette ann\u00e9e particuli\u00e8rement aux femmes engag\u00e9es de leur gr\u00e9 ou non dans la tourmente.\u00a0 C\u2019est un lieu d\u2019ex\u00e9cution : un puits de 3 m\u00e8tres de large et de 50 m\u00e8tres de profondeur a \u00e9t\u00e9 rempli de cadavres de juillet 1936 \u00e0 d\u00e9cembre 1937. Malgr\u00e9, sa profondeur, des tranch\u00e9es ont \u00e9t\u00e9 n\u00e9cessaires pour recevoir le nombre important et grandissant de corps, elles ont \u00e9t\u00e9 creus\u00e9es aux alentours du puits.<\/p>\n<p><figure id=\"attachment_5097\" aria-describedby=\"caption-attachment-5097\" style=\"width: 300px\" class=\"wp-caption alignleft\"><img data-recalc-dims=\"1\" loading=\"lazy\" decoding=\"async\" data-attachment-id=\"5097\" data-permalink=\"https:\/\/mer47.org\/wp\/teruel-pozos-de-caude-voyage-mer-47-3\/francisco-sanchez-sadresse-aux-participants\/\" data-orig-file=\"https:\/\/i0.wp.com\/mer47.org\/wp\/wp-content\/uploads\/2018\/04\/Francisco-Sanchez-sadresse-aux-participants.jpg?fit=640%2C425&amp;ssl=1\" data-orig-size=\"640,425\" data-comments-opened=\"1\" data-image-meta=\"{&quot;aperture&quot;:&quot;10&quot;,&quot;credit&quot;:&quot;Miranda Saiz Alain&quot;,&quot;camera&quot;:&quot;PENTAX K-3&quot;,&quot;caption&quot;:&quot;&quot;,&quot;created_timestamp&quot;:&quot;1523712067&quot;,&quot;copyright&quot;:&quot;Miranda Saiz Alain&quot;,&quot;focal_length&quot;:&quot;35&quot;,&quot;iso&quot;:&quot;200&quot;,&quot;shutter_speed&quot;:&quot;0.0015625&quot;,&quot;title&quot;:&quot;&quot;,&quot;orientation&quot;:&quot;0&quot;}\" data-image-title=\"Francisco Sanchez s&amp;rsquo;adresse aux participants\" data-image-description=\"\" data-image-caption=\"\" data-large-file=\"https:\/\/i0.wp.com\/mer47.org\/wp\/wp-content\/uploads\/2018\/04\/Francisco-Sanchez-sadresse-aux-participants.jpg?fit=525%2C349&amp;ssl=1\" class=\"wp-image-5097 size-medium\" src=\"https:\/\/i0.wp.com\/mer47.org\/wp\/wp-content\/uploads\/2018\/04\/Francisco-Sanchez-sadresse-aux-participants.jpg?resize=300%2C199&#038;ssl=1\" alt=\"\" width=\"300\" height=\"199\" srcset=\"https:\/\/i0.wp.com\/mer47.org\/wp\/wp-content\/uploads\/2018\/04\/Francisco-Sanchez-sadresse-aux-participants.jpg?resize=300%2C199&amp;ssl=1 300w, https:\/\/i0.wp.com\/mer47.org\/wp\/wp-content\/uploads\/2018\/04\/Francisco-Sanchez-sadresse-aux-participants.jpg?w=640&amp;ssl=1 640w\" sizes=\"auto, (max-width: 300px) 100vw, 300px\" \/><figcaption id=\"caption-attachment-5097\" class=\"wp-caption-text\">Francisco Sanchez s&rsquo;adresse aux participants<\/figcaption><\/figure> <figure id=\"attachment_5099\" aria-describedby=\"caption-attachment-5099\" style=\"width: 199px\" class=\"wp-caption alignleft\"><img data-recalc-dims=\"1\" loading=\"lazy\" decoding=\"async\" data-attachment-id=\"5099\" data-permalink=\"https:\/\/mer47.org\/wp\/teruel-pozos-de-caude-voyage-mer-47-3\/une-sculpture-de-remedios-clerigues-en-souvenir-des-femmes-assassinees\/\" data-orig-file=\"https:\/\/i0.wp.com\/mer47.org\/wp\/wp-content\/uploads\/2018\/04\/Une-sculpture-de-Remedios-Cl%C3%A9rigues-en-souvenir-des-femmes-assassin%C3%A9es.jpg?fit=398%2C600&amp;ssl=1\" data-orig-size=\"398,600\" data-comments-opened=\"1\" data-image-meta=\"{&quot;aperture&quot;:&quot;10&quot;,&quot;credit&quot;:&quot;Miranda Saiz Alain&quot;,&quot;camera&quot;:&quot;PENTAX K-3&quot;,&quot;caption&quot;:&quot;&quot;,&quot;created_timestamp&quot;:&quot;1523714159&quot;,&quot;copyright&quot;:&quot;Miranda Saiz Alain&quot;,&quot;focal_length&quot;:&quot;35&quot;,&quot;iso&quot;:&quot;200&quot;,&quot;shutter_speed&quot;:&quot;0.00125&quot;,&quot;title&quot;:&quot;&quot;,&quot;orientation&quot;:&quot;0&quot;}\" data-image-title=\"Une sculpture de Remedios Cl\u00e9rigues en souvenir des femmes assassin\u00e9es\" data-image-description=\"\" data-image-caption=\"\" data-large-file=\"https:\/\/i0.wp.com\/mer47.org\/wp\/wp-content\/uploads\/2018\/04\/Une-sculpture-de-Remedios-Cl%C3%A9rigues-en-souvenir-des-femmes-assassin%C3%A9es.jpg?fit=398%2C600&amp;ssl=1\" class=\"wp-image-5099 size-medium\" src=\"https:\/\/i0.wp.com\/mer47.org\/wp\/wp-content\/uploads\/2018\/04\/Une-sculpture-de-Remedios-Cl%C3%A9rigues-en-souvenir-des-femmes-assassin%C3%A9es.jpg?resize=199%2C300&#038;ssl=1\" alt=\"\" width=\"199\" height=\"300\" srcset=\"https:\/\/i0.wp.com\/mer47.org\/wp\/wp-content\/uploads\/2018\/04\/Une-sculpture-de-Remedios-Cl%C3%A9rigues-en-souvenir-des-femmes-assassin%C3%A9es.jpg?resize=199%2C300&amp;ssl=1 199w, https:\/\/i0.wp.com\/mer47.org\/wp\/wp-content\/uploads\/2018\/04\/Une-sculpture-de-Remedios-Cl%C3%A9rigues-en-souvenir-des-femmes-assassin%C3%A9es.jpg?w=398&amp;ssl=1 398w\" sizes=\"auto, (max-width: 199px) 100vw, 199px\" \/><figcaption id=\"caption-attachment-5099\" class=\"wp-caption-text\">Une sculpture de Remedios Cl\u00e9rigues en souvenir des femmes assassin\u00e9es<\/figcaption><\/figure><\/p>\n<p style=\"text-align: justify;\">En cette matin\u00e9e ensoleill\u00e9e nous avons d\u00e9couvert la statue tout juste inaugur\u00e9e par l\u2019Ateneo Republicano de Teruel et l\u2019association Pozos de Caud\u00e9 en hommage aux femmes victimes de ce conflit : militantes engag\u00e9es, femme, \u00e9pouse, m\u00e8re ou s\u0153ur de compagnon combattant pour une vie meilleure elles ont souffert de leur statut de victimes, de femme tout simplement par l\u2019arrestation, la torture, la mort. Souvent oubli\u00e9es dans la r\u00e9habilitation de cette p\u00e9riode en plus de la loi de l\u2019oubli, cette d\u00e9marche remet les femmes dans un statut d\u2019\u00e9galit\u00e9 et de dignit\u00e9 humaine. Discours, chants ont cl\u00f4tur\u00e9 cette rencontre \u00e9mouvante face au monument devant lequel les associations ravivent <span style=\"display: inline !important; float: none; background-color: transparent; color: #333333; cursor: text; font-family: 'Libre Franklin','Helvetica Neue',helvetica,arial,sans-serif; font-size: 16px; font-style: normal; font-variant: normal; font-weight: 400; letter-spacing: normal; orphans: 2; text-align: left; text-decoration: none; text-indent: 0px; text-transform: none; -webkit-text-stroke-width: 0px; white-space: normal; word-spacing: 0px;\">tous les ans <\/span>la m\u00e9moire des disparus. Cela n\u2019a pas emp\u00each\u00e9 un lugubre personnage de hurler en passant en voiture : \u00ab Vive Franco \u00bb.<\/p>\n<p style=\"text-align: justify;\">Le repas \u00e0 Cella a permis de go\u00fbter aux mets traditionnels et de nouer des \u00e9changes culturellement riches entre les membres des deux associations. <br \/>\n Le temps nous a manqu\u00e9 pour voir la totalit\u00e9 du documentaire vid\u00e9o sur \u00ab Compa\u00f1eras : les femmes r\u00e9publicaines dans la guerre civile \u00bb. Tandis que nous prenions le chemin du retour quelques voyageurs se sont joints \u00e0 la manifestation pour la 3\u00b0 r\u00e9publique \u00e0 Saragosse d\u00e9j\u00e0 \u00e9voqu\u00e9e dans un\u00a0 pr\u00e9c\u00e9dent article.<\/p>\n","protected":false},"excerpt":{"rendered":"<p>Le 14 avril nous am\u00e8ne \u00e0 Teruel, belle ville riche de son pass\u00e9 architectural mozarabe, mauresque et art et d\u00e9co qui nous accueille par une manifestation religieuse avec tambours g\u00e9ants. Nous avons le temps de d\u00e9couvrir son march\u00e9, ses sp\u00e9cialit\u00e9s, la tour des amants de Teruel, son mus\u00e9e qui accueille une exposition temporaire et itin\u00e9rante &hellip; <\/p>\n<p class=\"link-more\"><a href=\"https:\/\/mer47.org\/wp\/teruel-pozos-de-caude-voyage-mer-47-3\/\" class=\"more-link\">Continuer la lecture<span class=\"screen-reader-text\"> de &laquo;&nbsp;TERUEL &#8211; POZOS DE CAUDE &#8211; voyage MER 47 &#8211; 3&nbsp;&raquo;<\/span><\/a><\/p>\n","protected":false},"author":129,"featured_media":5079,"comment_status":"open","ping_status":"open","sticky":false,"template":"","format":"standard","meta":{"jetpack_post_was_ever_published":false,"_jetpack_newsletter_access":"","_jetpack_dont_email_post_to_subs":false,"_jetpack_newsletter_tier_id":0,"_jetpack_memberships_contains_paywalled_content":false,"_jetpack_memberships_contains_paid_content":false,"footnotes":"","jetpack_publicize_message":"","jetpack_publicize_feature_enabled":true,"jetpack_social_post_already_shared":true,"jetpack_social_options":{"image_generator_settings":{"template":"highway","default_image_id":0,"font":"","enabled":false},"version":2}},"categories":[17,44],"tags":[452,479,297,389,274,530,533,284,141,499,154,289,259,520,111,227,522,115],"class_list":["post-5051","post","type-post","status-publish","format-standard","has-post-thumbnail","hentry","category-activites-associatives","category-voyages","tag-companeras","tag-exposition","tag-femmes","tag-franco","tag-franquistes","tag-guerre","tag-guerre-civile","tag-manifestation","tag-memoire-2","tag-mer","tag-mer-47","tag-monument","tag-mort","tag-pozos-de-caude","tag-republicains","tag-republique","tag-teruel","tag-voyage"],"featured_image_src":"https:\/\/i0.wp.com\/mer47.org\/wp\/wp-content\/uploads\/2018\/04\/pozos-caud%C3%A9.jpg?fit=902%2C600&ssl=1","author_info":{"display_name":"R\u00e9daction MER47","author_link":"https:\/\/mer47.org\/wp\/author\/redaction\/"},"jetpack_publicize_connections":[],"jetpack_featured_media_url":"https:\/\/i0.wp.com\/mer47.org\/wp\/wp-content\/uploads\/2018\/04\/pozos-caud%C3%A9.jpg?fit=902%2C600&ssl=1","jetpack_sharing_enabled":true,"jetpack-related-posts":[{"id":5117,"url":"https:\/\/mer47.org\/wp\/pozos-de-caude-retour-sur-hommage-aux-femmes-republicaines\/","url_meta":{"origin":5051,"position":0},"title":"Pozos de Caud\u00e9 &#8211; retour sur l&rsquo;hommage aux femmes r\u00e9publicaines","author":"R\u00e9daction MER47","date":"15 mai 2018","format":false,"excerpt":"Pozos de Caud\u00e9, hommage aux femmes assassin\u00e9es Ce 14 avril 2018 c\u2019est devant la fosse commune des Pozos de Caud\u00e9 que l\u2019Ateneo Republicano de Teruel et l\u2019association Pozos de Caud\u00e9 comm\u00e9moraient le 87e anniversaire de la proclamation de la R\u00e9publique le 14 avril 1931. Une journ\u00e9e d\u00e9di\u00e9e aux femmes assassin\u00e9es,\u2026","rel":"","context":"Dans &quot;Voyages&quot;","block_context":{"text":"Voyages","link":"https:\/\/mer47.org\/wp\/category\/activites-associatives\/voyages\/"},"img":{"alt_text":"","src":"https:\/\/i0.wp.com\/mer47.org\/wp\/wp-content\/uploads\/2018\/05\/Pozos-de-caude.jpg?fit=595%2C396&ssl=1&resize=350%2C200","width":350,"height":200,"srcset":"https:\/\/i0.wp.com\/mer47.org\/wp\/wp-content\/uploads\/2018\/05\/Pozos-de-caude.jpg?fit=595%2C396&ssl=1&resize=350%2C200 1x, https:\/\/i0.wp.com\/mer47.org\/wp\/wp-content\/uploads\/2018\/05\/Pozos-de-caude.jpg?fit=595%2C396&ssl=1&resize=525%2C300 1.5x"},"classes":[]},{"id":5029,"url":"https:\/\/mer47.org\/wp\/belchite-fuendetodos-voyage-mer-47-1\/","url_meta":{"origin":5051,"position":1},"title":"BELCHITE &#8211; FUENDETODOS &#8211; voyage MER 47 &#8211; 1","author":"R\u00e9daction MER47","date":"30 avril 2018","format":false,"excerpt":"Trente voyageurs, amis et \/ou adh\u00e9rents de MER 47, ont embarqu\u00e9 mercredi 11 avril 2018 d\u00e8s 8 heures \u00e0 Agen. En qu\u00eate d\u2019histoire et de convivialit\u00e9, agenais, fum\u00e9lois, villeneuvois et palois ont choisi de d\u00e9couvrir l\u2019Aragon plus particuli\u00e8rement Saragosse, Belchite, Fuentetodos, Teruel. Des Mallos de Riglos embrum\u00e9s \u00e0 la neige\u2026","rel":"","context":"Dans &quot;Activit\u00e9s associatives&quot;","block_context":{"text":"Activit\u00e9s associatives","link":"https:\/\/mer47.org\/wp\/category\/activites-associatives\/"},"img":{"alt_text":"","src":"https:\/\/i0.wp.com\/mer47.org\/wp\/wp-content\/uploads\/2018\/04\/Belchite-le-vieux.jpg?fit=800%2C600&ssl=1&resize=350%2C200","width":350,"height":200,"srcset":"https:\/\/i0.wp.com\/mer47.org\/wp\/wp-content\/uploads\/2018\/04\/Belchite-le-vieux.jpg?fit=800%2C600&ssl=1&resize=350%2C200 1x, https:\/\/i0.wp.com\/mer47.org\/wp\/wp-content\/uploads\/2018\/04\/Belchite-le-vieux.jpg?fit=800%2C600&ssl=1&resize=525%2C300 1.5x, https:\/\/i0.wp.com\/mer47.org\/wp\/wp-content\/uploads\/2018\/04\/Belchite-le-vieux.jpg?fit=800%2C600&ssl=1&resize=700%2C400 2x"},"classes":[]},{"id":5018,"url":"https:\/\/mer47.org\/wp\/le-14-avril-2018-a-saragosse-mer47-vibrait-aux-couleurs-de-la-republique\/","url_meta":{"origin":5051,"position":2},"title":"le 14 avril 2018 \u00e0 Saragosse, MER47 vibrait aux couleurs de la R\u00e9publique","author":"R\u00e9daction MER47","date":"17 avril 2018","format":"aside","excerpt":"Ce 14 avril 2018 tout l\u2019Aragon vibrait aux couleurs de le R\u00e9publique.Des manifestations, des rassemblements \u00e0 Huesca, Jaca, Saragosse, Teruel\u2026. Et MER 47 pr\u00e9sent en force \u00e0 l\u2019occasion de son voyage en Aragon dont nous rendrons compte ult\u00e9rieurement !A Saragosse plus de 2 500 personnes ont particip\u00e9 \u00e0 la marche\u2026","rel":"","context":"Dans &quot;Voyages&quot;","block_context":{"text":"Voyages","link":"https:\/\/mer47.org\/wp\/category\/activites-associatives\/voyages\/"},"img":{"alt_text":"","src":"https:\/\/i0.wp.com\/mer47.org\/wp\/wp-content\/uploads\/2018\/04\/Saragosse-14-avril-2018.jpg?fit=1200%2C798&ssl=1&resize=350%2C200","width":350,"height":200,"srcset":"https:\/\/i0.wp.com\/mer47.org\/wp\/wp-content\/uploads\/2018\/04\/Saragosse-14-avril-2018.jpg?fit=1200%2C798&ssl=1&resize=350%2C200 1x, https:\/\/i0.wp.com\/mer47.org\/wp\/wp-content\/uploads\/2018\/04\/Saragosse-14-avril-2018.jpg?fit=1200%2C798&ssl=1&resize=525%2C300 1.5x, https:\/\/i0.wp.com\/mer47.org\/wp\/wp-content\/uploads\/2018\/04\/Saragosse-14-avril-2018.jpg?fit=1200%2C798&ssl=1&resize=700%2C400 2x, https:\/\/i0.wp.com\/mer47.org\/wp\/wp-content\/uploads\/2018\/04\/Saragosse-14-avril-2018.jpg?fit=1200%2C798&ssl=1&resize=1050%2C600 3x"},"classes":[]},{"id":5985,"url":"https:\/\/mer47.org\/wp\/mourir-a-20-ans\/","url_meta":{"origin":5051,"position":3},"title":"Mourir \u00e0 20 ans","author":"R\u00e9daction MER47","date":"3 mai 2021","format":false,"excerpt":"Un republicano espa\u00f1ol \u2013 la derni\u00e8re BD de Philippe Guillen Nous avons d\u00e9j\u00e0 re\u00e7u \u00e0 MER 47 l\u2019auteur Philippe Guillen pour nous pr\u00e9senter sou ouvrage sur Cabrero Arnal, le p\u00e8re de \u00ab\u00a0Pif le chien\u00a0\u00bb. Aujourd\u2019hui, le professeur d\u2019histoire et dessinateur reprend son crayon pour nous conter l\u2019histoire tragique d\u2019un jeune\u2026","rel":"","context":"Dans &quot;Publications&quot;","block_context":{"text":"Publications","link":"https:\/\/mer47.org\/wp\/category\/publications\/"},"img":{"alt_text":"Un-republicano-espanol-Mourir-20-ans","src":"https:\/\/i0.wp.com\/mer47.org\/wp\/wp-content\/uploads\/2021\/05\/Un-republicano-espanol-Mourir-20-ans.jpg?fit=746%2C1200&ssl=1&resize=350%2C200","width":350,"height":200,"srcset":"https:\/\/i0.wp.com\/mer47.org\/wp\/wp-content\/uploads\/2021\/05\/Un-republicano-espanol-Mourir-20-ans.jpg?fit=746%2C1200&ssl=1&resize=350%2C200 1x, https:\/\/i0.wp.com\/mer47.org\/wp\/wp-content\/uploads\/2021\/05\/Un-republicano-espanol-Mourir-20-ans.jpg?fit=746%2C1200&ssl=1&resize=525%2C300 1.5x, https:\/\/i0.wp.com\/mer47.org\/wp\/wp-content\/uploads\/2021\/05\/Un-republicano-espanol-Mourir-20-ans.jpg?fit=746%2C1200&ssl=1&resize=700%2C400 2x"},"classes":[]},{"id":5893,"url":"https:\/\/mer47.org\/wp\/peril-de-la-liberte-un-livre-pour-temoigner-contre-loubli\/","url_meta":{"origin":5051,"position":4},"title":"\u00ab\u00a0P\u00e9ril de la Libert\u00e9\u00a0\u00bb, un livre pour t\u00e9moigner contre l\u2019oubli","author":"R\u00e9daction MER47","date":"13 mars 2021","format":false,"excerpt":"Un ouvrage qui couronne un engagement personnel A MER47 nous connaissons tous David Llamas. Depuis toujours, il est de tous nos combats pour la m\u00e9moire et la justice. Ce qui le conduit \u00e0 pr\u00e9sider aux destin\u00e9es de notre association depuis plusieurs ann\u00e9es. Et voil\u00e0 qu\u2019il nous offre un roman inspir\u00e9\u2026","rel":"","context":"Dans &quot;Publications&quot;","block_context":{"text":"Publications","link":"https:\/\/mer47.org\/wp\/category\/publications\/"},"img":{"alt_text":"P\u00e9ril de la libert\u00e9","src":"https:\/\/i0.wp.com\/mer47.org\/wp\/wp-content\/uploads\/2021\/03\/david-liv185.jpg?fit=833%2C1200&ssl=1&resize=350%2C200","width":350,"height":200,"srcset":"https:\/\/i0.wp.com\/mer47.org\/wp\/wp-content\/uploads\/2021\/03\/david-liv185.jpg?fit=833%2C1200&ssl=1&resize=350%2C200 1x, https:\/\/i0.wp.com\/mer47.org\/wp\/wp-content\/uploads\/2021\/03\/david-liv185.jpg?fit=833%2C1200&ssl=1&resize=525%2C300 1.5x, https:\/\/i0.wp.com\/mer47.org\/wp\/wp-content\/uploads\/2021\/03\/david-liv185.jpg?fit=833%2C1200&ssl=1&resize=700%2C400 2x"},"classes":[]},{"id":5600,"url":"https:\/\/mer47.org\/wp\/ils-ont-eu-ce-courage\/","url_meta":{"origin":5051,"position":5},"title":"Ils ont eu ce courage","author":"R\u00e9daction MER47","date":"19 d\u00e9cembre 2020","format":false,"excerpt":"Le courage d\u2019un lot-et-garonnais Le Lot-et-Garonne a toujours \u00e9t\u00e9 une terre de rencontres et de solidarit\u00e9s[1] et c\u2019est en Lot-et-Garonne que se d\u00e9roule l\u2019histoire que nous raconte Lucien Pouzoulet. Une histoire familiale dans laquelle beaucoup se reconna\u00eetront. Des valeurs essentielles qui engagent Cette histoire c\u2019est d\u2019abord celle de son p\u00e8re\u2026","rel":"","context":"Dans &quot;Publications&quot;","block_context":{"text":"Publications","link":"https:\/\/mer47.org\/wp\/category\/publications\/"},"img":{"alt_text":"Couverture \"Ils ont eu ce courage\"","src":"https:\/\/i0.wp.com\/mer47.org\/wp\/wp-content\/uploads\/2020\/12\/Ils-ont-eu-ce-courage.jpg?fit=846%2C1200&ssl=1&resize=350%2C200","width":350,"height":200,"srcset":"https:\/\/i0.wp.com\/mer47.org\/wp\/wp-content\/uploads\/2020\/12\/Ils-ont-eu-ce-courage.jpg?fit=846%2C1200&ssl=1&resize=350%2C200 1x, https:\/\/i0.wp.com\/mer47.org\/wp\/wp-content\/uploads\/2020\/12\/Ils-ont-eu-ce-courage.jpg?fit=846%2C1200&ssl=1&resize=525%2C300 1.5x, https:\/\/i0.wp.com\/mer47.org\/wp\/wp-content\/uploads\/2020\/12\/Ils-ont-eu-ce-courage.jpg?fit=846%2C1200&ssl=1&resize=700%2C400 2x"},"classes":[]}],"jetpack_shortlink":"https:\/\/wp.me\/p2FasU-1jt","_links":{"self":[{"href":"https:\/\/mer47.org\/wp\/wp-json\/wp\/v2\/posts\/5051","targetHints":{"allow":["GET"]}}],"collection":[{"href":"https:\/\/mer47.org\/wp\/wp-json\/wp\/v2\/posts"}],"about":[{"href":"https:\/\/mer47.org\/wp\/wp-json\/wp\/v2\/types\/post"}],"author":[{"embeddable":true,"href":"https:\/\/mer47.org\/wp\/wp-json\/wp\/v2\/users\/129"}],"replies":[{"embeddable":true,"href":"https:\/\/mer47.org\/wp\/wp-json\/wp\/v2\/comments?post=5051"}],"version-history":[{"count":0,"href":"https:\/\/mer47.org\/wp\/wp-json\/wp\/v2\/posts\/5051\/revisions"}],"wp:featuredmedia":[{"embeddable":true,"href":"https:\/\/mer47.org\/wp\/wp-json\/wp\/v2\/media\/5079"}],"wp:attachment":[{"href":"https:\/\/mer47.org\/wp\/wp-json\/wp\/v2\/media?parent=5051"}],"wp:term":[{"taxonomy":"category","embeddable":true,"href":"https:\/\/mer47.org\/wp\/wp-json\/wp\/v2\/categories?post=5051"},{"taxonomy":"post_tag","embeddable":true,"href":"https:\/\/mer47.org\/wp\/wp-json\/wp\/v2\/tags?post=5051"}],"curies":[{"name":"wp","href":"https:\/\/api.w.org\/{rel}","templated":true}]}}