{"id":5547,"date":"2020-11-30T10:02:51","date_gmt":"2020-11-30T09:02:51","guid":{"rendered":"https:\/\/mer47.org\/wp\/?p=5547"},"modified":"2020-11-30T10:02:57","modified_gmt":"2020-11-30T09:02:57","slug":"une-centenaire-republicaine-espagnole-a-fumel","status":"publish","type":"post","link":"https:\/\/mer47.org\/wp\/une-centenaire-republicaine-espagnole-a-fumel\/","title":{"rendered":"UNE CENTENAIRE R\u00c9PUBLICAINE ESPAGNOLE A FUMEL"},"content":{"rendered":"<h2><em>Enhorabuena, se\u00f1ora Rosario Ribera<\/em><\/h2>\n<p><a href=\"https:\/\/www.ladepeche.fr\/2020\/10\/13\/hopital-103-bougies-pour-rosario-9135338.php\" target=\"_blank\" rel=\"noopener noreferrer\">En octobre dernier, une r\u00e9publicaine espagnole f\u00eatait ses 103 ans \u00e0 l\u2019EHPAD de Fumel<\/a>. Rosario Ribera, toujours pleine d\u2019entrain et d\u2019optimisme a vu sa jeunesse confront\u00e9e aux d\u00e9g\u00e2ts caus\u00e9s par la guerre civile espagnole. Comme bon nombre d\u2019autres jeunes, elle a choisi la R\u00e9publique contre le franquisme et l\u2019obscurantisme, Franco ayant d\u00e9clar\u00e9 au lendemain de sa victoire que cela signifiait la fin de \u00ab\u00a0l\u2019esprit des Lumi\u00e8res\u00a0\u00bb.<!--more--><\/p>\n<h2>Elle choisit la R\u00e9publique<\/h2>\n<p>Rosario Garcia Rodriguez est n\u00e9e le 6 octobre 1917 \u00e0 Vitoria, au Pays basque espagnol. Elle a 19 ans et habite \u00e0 Renter\u00eda avec sa famille lorsque \u00e9clate la guerre civile espagnole qui va meurtrir son c\u0153ur et son pays.<\/p>\n<p>Arm\u00e9e de son courage et de sa volont\u00e9, elle va, avec une de ses s\u0153urs, rejoindre le camp r\u00e9publicain. Elle s&rsquo;engage comme soignante dans le service de sant\u00e9 de l\u2019arm\u00e9e r\u00e9publicaine dans un h\u00f4pital de G\u00e9rone, en Catalogne. Lorsqu\u2019elle regagne le Pays basque, ce dernier tombe aux mains des franquistes en juillet 1937. Pour \u00e9chapper \u00e0 la f\u00e9roce r\u00e9pression, elle est \u00e9vacu\u00e9e avec une partie de sa famille au d\u00e9but du mois d\u2019ao\u00fbt 1937.<\/p>\n<h2>l\u2019exil et la s\u00e9paration<\/h2>\n<p><img data-recalc-dims=\"1\" loading=\"lazy\" decoding=\"async\" width=\"525\" height=\"350\" data-attachment-id=\"5548\" data-permalink=\"https:\/\/mer47.org\/wp\/une-centenaire-republicaine-espagnole-a-fumel\/46-chateau-bonheur-coll-jm-santier\/\" data-orig-file=\"https:\/\/i0.wp.com\/mer47.org\/wp\/wp-content\/uploads\/2020\/11\/46-chateau-bonheur-coll-jm-santier.jpeg?fit=844%2C563&amp;ssl=1\" data-orig-size=\"844,563\" data-comments-opened=\"1\" data-image-meta=\"{&quot;aperture&quot;:&quot;0&quot;,&quot;credit&quot;:&quot;&quot;,&quot;camera&quot;:&quot;&quot;,&quot;caption&quot;:&quot;&quot;,&quot;created_timestamp&quot;:&quot;0&quot;,&quot;copyright&quot;:&quot;&quot;,&quot;focal_length&quot;:&quot;0&quot;,&quot;iso&quot;:&quot;0&quot;,&quot;shutter_speed&quot;:&quot;0&quot;,&quot;title&quot;:&quot;&quot;,&quot;orientation&quot;:&quot;0&quot;}\" data-image-title=\"46-chateau-bonheur-coll-jm-santier\" data-image-description=\"\" data-image-caption=\"\" data-large-file=\"https:\/\/i0.wp.com\/mer47.org\/wp\/wp-content\/uploads\/2020\/11\/46-chateau-bonheur-coll-jm-santier.jpeg?fit=525%2C350&amp;ssl=1\" class=\"wp-image-5548\" src=\"https:\/\/i0.wp.com\/mer47.org\/wp\/wp-content\/uploads\/2020\/11\/46-chateau-bonheur-coll-jm-santier.jpeg?resize=525%2C350&#038;ssl=1\" alt=\"46 chateau bonheur coll jm santier\" srcset=\"https:\/\/i0.wp.com\/mer47.org\/wp\/wp-content\/uploads\/2020\/11\/46-chateau-bonheur-coll-jm-santier.jpeg?w=844&amp;ssl=1 844w, https:\/\/i0.wp.com\/mer47.org\/wp\/wp-content\/uploads\/2020\/11\/46-chateau-bonheur-coll-jm-santier.jpeg?resize=300%2C200&amp;ssl=1 300w\" sizes=\"auto, (max-width: 767px) 89vw, (max-width: 1000px) 54vw, (max-width: 1071px) 543px, 580px\" \/> Le \u00ab\u00a0Ch\u00e2teau Bonheur\u00a0\u00bb \u00e0 Granville &#8211; Manche<\/p>\n<p>A bord du cargo britannique \u00ab\u00a0Kenfig-Pool\u00a0\u00bb, <a href=\"https:\/\/ruffineck44.blogspot.com\/2017\/03\/la-guerre-despagne-et-les-refugies.html\" target=\"_blank\" rel=\"noopener noreferrer\">elle d\u00e9barque dans le port fran\u00e7ais de Saint-Nazaire<\/a> le samedi 14 ao\u00fbt 1937 en compagnie de 1500 autres r\u00e9fugi\u00e9s basques. C&rsquo;est ensuite par train sp\u00e9cial qu&rsquo;elle est transf\u00e9r\u00e9e dans le d\u00e9partement de la Manche, au \u00ab\u00a0<a href=\"http:\/\/maurice-marland.e-monsite.com\/pages\/informations-pratiques.html\" target=\"_blank\" rel=\"noopener noreferrer\">Ch\u00e2teau bonheur<\/a>\u00a0\u00bb. Ses deux plus jeunes s\u0153urs se retrouvent en URSS. La s\u00e9paration est tr\u00e8s douloureuse. L&rsquo;une d&rsquo;elles rentre en France, l&rsquo;autre se fiance en Russie avec un exil\u00e9 espagnol. Par la suite, ils retournent ensemble en Espagne.<\/p>\n<h2>Une nouvelle vie<\/h2>\n<figure id=\"attachment_5552\" aria-describedby=\"caption-attachment-5552\" style=\"width: 472px\" class=\"wp-caption alignleft\"><img data-recalc-dims=\"1\" loading=\"lazy\" decoding=\"async\" data-attachment-id=\"5552\" data-permalink=\"https:\/\/mer47.org\/wp\/une-centenaire-republicaine-espagnole-a-fumel\/ribera-juan-y-rosario\/\" data-orig-file=\"https:\/\/i0.wp.com\/mer47.org\/wp\/wp-content\/uploads\/2020\/11\/Ribera-Juan-y-Rosario.jpg?fit=472%2C313&amp;ssl=1\" data-orig-size=\"472,313\" data-comments-opened=\"1\" data-image-meta=\"{&quot;aperture&quot;:&quot;0&quot;,&quot;credit&quot;:&quot;&quot;,&quot;camera&quot;:&quot;&quot;,&quot;caption&quot;:&quot;&quot;,&quot;created_timestamp&quot;:&quot;0&quot;,&quot;copyright&quot;:&quot;&quot;,&quot;focal_length&quot;:&quot;0&quot;,&quot;iso&quot;:&quot;0&quot;,&quot;shutter_speed&quot;:&quot;0&quot;,&quot;title&quot;:&quot;&quot;,&quot;orientation&quot;:&quot;1&quot;}\" data-image-title=\"Ribera Juan y Rosario\" data-image-description=\"\" data-image-caption=\"\" data-large-file=\"https:\/\/i0.wp.com\/mer47.org\/wp\/wp-content\/uploads\/2020\/11\/Ribera-Juan-y-Rosario.jpg?fit=472%2C313&amp;ssl=1\" class=\"wp-image-5552 size-full\" src=\"https:\/\/i0.wp.com\/mer47.org\/wp\/wp-content\/uploads\/2020\/11\/Ribera-Juan-y-Rosario.jpg?resize=472%2C313&#038;ssl=1\" alt=\"Juan et Rosario Ribera\" width=\"472\" height=\"313\" srcset=\"https:\/\/i0.wp.com\/mer47.org\/wp\/wp-content\/uploads\/2020\/11\/Ribera-Juan-y-Rosario.jpg?w=472&amp;ssl=1 472w, https:\/\/i0.wp.com\/mer47.org\/wp\/wp-content\/uploads\/2020\/11\/Ribera-Juan-y-Rosario.jpg?resize=300%2C199&amp;ssl=1 300w\" sizes=\"auto, (max-width: 472px) 100vw, 472px\" \/><figcaption id=\"caption-attachment-5552\" class=\"wp-caption-text\">Juan et Rosario Ribera<\/figcaption><\/figure>\n<p data-wp-editing=\"1\">Ballott\u00e9e comme bon nombre de r\u00e9fugi\u00e9es r\u00e9publicaines espagnoles, Rosario est transf\u00e9r\u00e9e dans le Cantal, puis en Dordogne. C&rsquo;est l\u00e0 qu&rsquo;elle rencontre et \u00e9pouse Juan Ribera, un de ses compatriotes catalan, \u00e9galement r\u00e9fugi\u00e9. Il est originaire de Barcelone. Pendant la guerre, il combat dans les rangs de l&rsquo;arm\u00e9e r\u00e9publicaine espagnole. A la fin du conflit, pour \u00e9chapper aux franquistes, il fuit vers la France au moment de la <em>Retirada<\/em>. L\u00e0, il est intern\u00e9 au camp de concentration d&rsquo;Argel\u00e8s-sur-Mer.<\/p>\n<p>De cette union naissent trois enfants, deux gar\u00e7ons et une fille. Mais le malheur les frappe \u00e0 nouveau\u00a0: ils perdent leur fils a\u00een\u00e9 \u00e2g\u00e9 de 16 ans. Malgr\u00e9 tout, la vie continue. Ils deviennent les grands-parents de cinq petits-enfants et neuf arri\u00e8re-petits-enfants. En 1984, le couple d\u00e9cide de quitter Ch\u00e2lons-sur-Sa\u00f4ne pour se rapprocher de leur fille \u00e0 Monsempron-Libos, en Lot-et-Garonne.<\/p>\n<p>Juan d\u00e9c\u00e8de en 1998. Rosario va alors habiter \u00e0 la r\u00e9sidence du Foulon \u00e0 Monsempron-Libos, proche de chez sa fille. A ses 101 ans elle int\u00e8gre l&rsquo;EHPAD de Fumel o\u00f9 elle vient de f\u00eater ses 103 ans, devenant peut-\u00eatre la \u00ab\u00a0v\u00e9t\u00e9rane\u00a0\u00bb des R\u00e9publicains espagnols de Lot-et-Garonne.<\/p>\n<p><em>Se\u00f1ora Rosario Ribera, enhorabuena y gracias por su valent\u00eda de Republicana. Con todo el cari\u00f1o de los militantes de la Memoria de la Espa\u00f1a Republicana<\/em>.<\/p>\n<p>Cet hommage a \u00e9t\u00e9 rendu possible gr\u00e2ce au t\u00e9moignage de Madame Diaz, sa fille.<\/p>\n<p style=\"text-align: right;\">Louis Rodriguez<\/p>\n","protected":false},"excerpt":{"rendered":"<p>une r\u00e9publicaine espagnole f\u00eatait ses 103 ans \u00e0 l\u2019EHPAD de Fumel<\/p>\n","protected":false},"author":129,"featured_media":5549,"comment_status":"open","ping_status":"open","sticky":false,"template":"","format":"standard","meta":{"jetpack_post_was_ever_published":false,"_jetpack_newsletter_access":"","_jetpack_dont_email_post_to_subs":false,"_jetpack_newsletter_tier_id":0,"_jetpack_memberships_contains_paywalled_content":false,"_jetpack_memberships_contains_paid_content":false,"footnotes":"","jetpack_publicize_message":"","jetpack_publicize_feature_enabled":true,"jetpack_social_post_already_shared":true,"jetpack_social_options":{"image_generator_settings":{"template":"highway","default_image_id":0,"font":"","enabled":false},"version":2}},"categories":[556],"tags":[33,436,408,233,543,138,50,389,299,274,376,530,533,499,134,207,421,402,111,106,227,461,68],"class_list":["post-5547","post","type-post","status-publish","format-standard","has-post-thumbnail","hentry","category-republicains-et-republicaines","tag-argeles","tag-camp","tag-camp-de-concentration","tag-espagne","tag-espagnole","tag-espagnols","tag-exil","tag-franco","tag-franquisme","tag-franquistes","tag-fumel","tag-guerre","tag-guerre-civile","tag-mer","tag-refugies","tag-repression","tag-republicain","tag-republicaines-espagnoles","tag-republicains","tag-republicains-espagnols","tag-republique","tag-residence","tag-retirada"],"featured_image_src":"https:\/\/i0.wp.com\/mer47.org\/wp\/wp-content\/uploads\/2020\/11\/Rosario.jpg?fit=370%2C472&ssl=1","author_info":{"display_name":"R\u00e9daction MER47","author_link":"https:\/\/mer47.org\/wp\/author\/redaction\/"},"jetpack_publicize_connections":[],"jetpack_featured_media_url":"https:\/\/i0.wp.com\/mer47.org\/wp\/wp-content\/uploads\/2020\/11\/Rosario.jpg?fit=370%2C472&ssl=1","jetpack_sharing_enabled":true,"jetpack-related-posts":[{"id":3594,"url":"https:\/\/mer47.org\/wp\/companeras-au-mois-du-documentaire-dans-le-fumelois\/","url_meta":{"origin":5547,"position":0},"title":"Companeras au \u00ab\u00a0mois du documentaire\u00a0\u00bb dans le fumelois","author":"R\u00e9daction MER47","date":"13 novembre 2015","format":false,"excerpt":"Companeras, un documentaire de Jean ORTIZ et Dominique GAUTHIER Dans le cadre du \"mois du doc\", le cin\u00e9ma Liberty de Monsempron-Libos propose un double programme le mercredi 18 novembre 2015. Le premier film, \u00e0 18h 15, est consacr\u00e9 au documentaire de Jean ORTIZ sur le th\u00e8me des r\u00e9publicaines espagnoles depuis\u2026","rel":"","context":"Dans &quot;Projections cin\u00e9matographiques&quot;","block_context":{"text":"Projections cin\u00e9matographiques","link":"https:\/\/mer47.org\/wp\/category\/activites-associatives\/projections-cinematographiques\/"},"img":{"alt_text":"Une des compa\u00f1eras, La Sole, guerrillera dans les maquis du Levant","src":"https:\/\/i0.wp.com\/mer47.org\/wp\/wp-content\/uploads\/2015\/11\/La-Sole-4.jpg?fit=567%2C319&ssl=1&resize=350%2C200","width":350,"height":200,"srcset":"https:\/\/i0.wp.com\/mer47.org\/wp\/wp-content\/uploads\/2015\/11\/La-Sole-4.jpg?fit=567%2C319&ssl=1&resize=350%2C200 1x, https:\/\/i0.wp.com\/mer47.org\/wp\/wp-content\/uploads\/2015\/11\/La-Sole-4.jpg?fit=567%2C319&ssl=1&resize=525%2C300 1.5x"},"classes":[]},{"id":802,"url":"https:\/\/mer47.org\/wp\/a-agen-fumel-villeneuve-sur-lot-la-republique-au-coeur\/","url_meta":{"origin":5547,"position":1},"title":"A AGEN, FUMEL, VILLENEUVE SUR LOT  LA REPUBLIQUE AU C\u0152UR !","author":"R\u00e9daction MER47","date":"23 avril 2013","format":false,"excerpt":"Trois rassemblements en Lot et Garonne pour comm\u00e9morer le 82\u00e9me anniversaire de la proclamation de la R\u00e9publique le 14 avril 1931. A Agen rue de la deuxi\u00e8me r\u00e9publique espagnole, \u00e0 Fumel dans l\u2019enceinte de l\u2019usine Metaltemple qui a vu tant de r\u00e9publicains espagnols rejoindre leurs camarades fran\u00e7ais dans les maquis\u2026","rel":"","context":"Dans &quot;Activit\u00e9s associatives&quot;","block_context":{"text":"Activit\u00e9s associatives","link":"https:\/\/mer47.org\/wp\/category\/activites-associatives\/"},"img":{"alt_text":"","src":"https:\/\/i0.wp.com\/mer47.org\/wp\/wp-content\/uploads\/2013\/04\/COMMEMORATION-ANNIVERSAIRE-DEUXIEME-REPUBLIQUE.jpg?resize=350%2C200&ssl=1","width":350,"height":200,"srcset":"https:\/\/i0.wp.com\/mer47.org\/wp\/wp-content\/uploads\/2013\/04\/COMMEMORATION-ANNIVERSAIRE-DEUXIEME-REPUBLIQUE.jpg?resize=350%2C200&ssl=1 1x, https:\/\/i0.wp.com\/mer47.org\/wp\/wp-content\/uploads\/2013\/04\/COMMEMORATION-ANNIVERSAIRE-DEUXIEME-REPUBLIQUE.jpg?resize=525%2C300&ssl=1 1.5x"},"classes":[]},{"id":6539,"url":"https:\/\/mer47.org\/wp\/madame-rosario-ribera-bon-anniversaire\/","url_meta":{"origin":5547,"position":2},"title":"Madame Rosario Ribera : bon anniversaire !","author":"R\u00e9daction MER47","date":"26 octobre 2021","format":false,"excerpt":"Se\u00f1ora Rosario Ribera, feliz cumplea\u00f1os Ce 6 octobre 2021, Rosario a f\u00eat\u00e9 ses 104 ans, ce qui en fait, \u00e0 notre connaissance, la doyenne d\u00e9partementale des R\u00e9publicaines et R\u00e9publicains Espagnols. L'Association MER47-M\u00e9moire de l'Espagne R\u00e9publicaine de Lot-et-Garonne a voulu \u00eatre pr\u00e9sente en lui envoyant des fleurs. Apr\u00e8s avoir, pendant la\u2026","rel":"","context":"Dans &quot;M\u00e9moire&quot;","block_context":{"text":"M\u00e9moire","link":"https:\/\/mer47.org\/wp\/category\/memoire\/"},"img":{"alt_text":"Rosario Ribera","src":"https:\/\/i0.wp.com\/mer47.org\/wp\/wp-content\/uploads\/2021\/10\/LYLD1962.jpg?fit=1200%2C900&ssl=1&resize=350%2C200","width":350,"height":200,"srcset":"https:\/\/i0.wp.com\/mer47.org\/wp\/wp-content\/uploads\/2021\/10\/LYLD1962.jpg?fit=1200%2C900&ssl=1&resize=350%2C200 1x, https:\/\/i0.wp.com\/mer47.org\/wp\/wp-content\/uploads\/2021\/10\/LYLD1962.jpg?fit=1200%2C900&ssl=1&resize=525%2C300 1.5x, https:\/\/i0.wp.com\/mer47.org\/wp\/wp-content\/uploads\/2021\/10\/LYLD1962.jpg?fit=1200%2C900&ssl=1&resize=700%2C400 2x, https:\/\/i0.wp.com\/mer47.org\/wp\/wp-content\/uploads\/2021\/10\/LYLD1962.jpg?fit=1200%2C900&ssl=1&resize=1050%2C600 3x"},"classes":[]},{"id":3910,"url":"https:\/\/mer47.org\/wp\/nina-bonita-a-aiguillon-1-rendez-de-cite-scolaire-stendhal\/","url_meta":{"origin":5547,"position":3},"title":"La ni\u00f1a bonita \u00e0 Aiguillon \u2013 1 : au rendez-vous de la cit\u00e9 scolaire Stendhal","author":"R\u00e9daction MER47","date":"16 mai 2016","format":false,"excerpt":"Dans le cadre de la semaine espagnole, organis\u00e9e \u00e0 Aiguillon du 10 au 16 avril, pour c\u00e9l\u00e9brer le 85\u00e8me anniversaire de la seconde R\u00e9publique espagnole, les professeurs d\u2019espagnol ont amen\u00e9 150 \u00e9l\u00e8ves des classes de 3\u00b0, 2\u00b05 et 1\u00b0L visiter l\u2019exposition organis\u00e9e par l\u2019association MER 47 et assister \u00e0 une\u2026","rel":"","context":"Dans &quot;Activit\u00e9s associatives&quot;","block_context":{"text":"Activit\u00e9s associatives","link":"https:\/\/mer47.org\/wp\/category\/activites-associatives\/"},"img":{"alt_text":"","src":"https:\/\/i0.wp.com\/mer47.org\/wp\/wp-content\/uploads\/2016\/05\/FOT7E99.jpg?fit=1024%2C590&ssl=1&resize=350%2C200","width":350,"height":200,"srcset":"https:\/\/i0.wp.com\/mer47.org\/wp\/wp-content\/uploads\/2016\/05\/FOT7E99.jpg?fit=1024%2C590&ssl=1&resize=350%2C200 1x, https:\/\/i0.wp.com\/mer47.org\/wp\/wp-content\/uploads\/2016\/05\/FOT7E99.jpg?fit=1024%2C590&ssl=1&resize=525%2C300 1.5x, https:\/\/i0.wp.com\/mer47.org\/wp\/wp-content\/uploads\/2016\/05\/FOT7E99.jpg?fit=1024%2C590&ssl=1&resize=700%2C400 2x"},"classes":[]},{"id":2549,"url":"https:\/\/mer47.org\/wp\/abban-les-republicains-espagnols-en-lot-garonne-7\/","url_meta":{"origin":5547,"position":4},"title":"Les R\u00e9publicains Espagnols en Lot-et-Garonne &#8211; 7- Reconquista","author":"R\u00e9daction MER47","date":"15 octobre 2014","format":false,"excerpt":"Le 6 juillet 1942, Jos\u00e9 Oncine TORRES confie sa bicyclette \u00e0 un artisan fum\u00e9lois pour r\u00e9paration. L\u2019apprenti d\u00e9couvre dans la sacoche un tube contenant des exemplaires du bulletin \u00ab Reconquista de Espa\u00f1a \u00bb","rel":"","context":"Dans &quot;Conf\u00e9rences d\u00e9bats&quot;","block_context":{"text":"Conf\u00e9rences d\u00e9bats","link":"https:\/\/mer47.org\/wp\/category\/activites-associatives\/conferences-debats\/"},"img":{"alt_text":"","src":"https:\/\/i0.wp.com\/mer47.org\/wp\/wp-content\/uploads\/2014\/10\/Reconquista-Collection-du-Mus%C3%A9e-de-la-R%C3%A9sistance-Nationale-de-Champigny-Sur-Marne.jpg?fit=822%2C299&ssl=1&resize=350%2C200","width":350,"height":200,"srcset":"https:\/\/i0.wp.com\/mer47.org\/wp\/wp-content\/uploads\/2014\/10\/Reconquista-Collection-du-Mus%C3%A9e-de-la-R%C3%A9sistance-Nationale-de-Champigny-Sur-Marne.jpg?fit=822%2C299&ssl=1&resize=350%2C200 1x, https:\/\/i0.wp.com\/mer47.org\/wp\/wp-content\/uploads\/2014\/10\/Reconquista-Collection-du-Mus%C3%A9e-de-la-R%C3%A9sistance-Nationale-de-Champigny-Sur-Marne.jpg?fit=822%2C299&ssl=1&resize=525%2C300 1.5x, https:\/\/i0.wp.com\/mer47.org\/wp\/wp-content\/uploads\/2014\/10\/Reconquista-Collection-du-Mus%C3%A9e-de-la-R%C3%A9sistance-Nationale-de-Champigny-Sur-Marne.jpg?fit=822%2C299&ssl=1&resize=700%2C400 2x"},"classes":[]},{"id":546,"url":"https:\/\/mer47.org\/wp\/un-livre-a-decouvrir\/","url_meta":{"origin":5547,"position":5},"title":"Un livre \u00e0 d\u00e9couvrir","author":"R\u00e9daction MER47","date":"19 d\u00e9cembre 2012","format":"aside","excerpt":"R\u00e9sonances fran\u00e7aises de la guerre d'Espagne. Un ouvrage de 365 pages qui traite 6 th\u00e8mes majeurs encore peu connus. PREMIERE PARTIE 1936-1939 : Solidarit\u00e9 et\/ou hostilit\u00e9 en France envers la R\u00e9publique espagnole La solidarit\u00e9 avec les R\u00e9publicains espagnols dans un d\u00e9partement rural du Sud-Ouest : le Lot-et-Garonne Pierre Robin Les\u2026","rel":"","context":"Dans &quot;Publications&quot;","block_context":{"text":"Publications","link":"https:\/\/mer47.org\/wp\/category\/publications\/"},"img":{"alt_text":"","src":"","width":0,"height":0},"classes":[]}],"jetpack_shortlink":"https:\/\/wp.me\/p2FasU-1rt","_links":{"self":[{"href":"https:\/\/mer47.org\/wp\/wp-json\/wp\/v2\/posts\/5547","targetHints":{"allow":["GET"]}}],"collection":[{"href":"https:\/\/mer47.org\/wp\/wp-json\/wp\/v2\/posts"}],"about":[{"href":"https:\/\/mer47.org\/wp\/wp-json\/wp\/v2\/types\/post"}],"author":[{"embeddable":true,"href":"https:\/\/mer47.org\/wp\/wp-json\/wp\/v2\/users\/129"}],"replies":[{"embeddable":true,"href":"https:\/\/mer47.org\/wp\/wp-json\/wp\/v2\/comments?post=5547"}],"version-history":[{"count":0,"href":"https:\/\/mer47.org\/wp\/wp-json\/wp\/v2\/posts\/5547\/revisions"}],"wp:featuredmedia":[{"embeddable":true,"href":"https:\/\/mer47.org\/wp\/wp-json\/wp\/v2\/media\/5549"}],"wp:attachment":[{"href":"https:\/\/mer47.org\/wp\/wp-json\/wp\/v2\/media?parent=5547"}],"wp:term":[{"taxonomy":"category","embeddable":true,"href":"https:\/\/mer47.org\/wp\/wp-json\/wp\/v2\/categories?post=5547"},{"taxonomy":"post_tag","embeddable":true,"href":"https:\/\/mer47.org\/wp\/wp-json\/wp\/v2\/tags?post=5547"}],"curies":[{"name":"wp","href":"https:\/\/api.w.org\/{rel}","templated":true}]}}