{"id":802,"date":"2013-04-23T07:29:16","date_gmt":"2013-04-23T06:29:16","guid":{"rendered":"https:\/\/mer47.org\/wp\/?p=802"},"modified":"2013-10-22T18:39:07","modified_gmt":"2013-10-22T17:39:07","slug":"a-agen-fumel-villeneuve-sur-lot-la-republique-au-coeur","status":"publish","type":"post","link":"https:\/\/mer47.org\/wp\/a-agen-fumel-villeneuve-sur-lot-la-republique-au-coeur\/","title":{"rendered":"A AGEN, FUMEL, VILLENEUVE SUR LOT  LA REPUBLIQUE AU C\u0152UR !"},"content":{"rendered":"<p>Trois rassemblements en Lot et Garonne pour comm\u00e9morer le 82\u00e9me anniversaire de la proclamation de la R\u00e9publique le 14 avril 1931.<\/p>\n<p>A Agen rue de la deuxi\u00e8me r\u00e9publique espagnole, \u00e0 Fumel dans l\u2019enceinte de l\u2019usine Metaltemple qui a vu tant de r\u00e9publicains espagnols rejoindre leurs camarades fran\u00e7ais dans les maquis et la r\u00e9sistance, \u00e0 Villeneuve sur Lot devant le monument symbolisant, square Machado, l\u2019exode et les camps.<\/p>\n<p>Pour se souvenir de ce qu\u2019avait repr\u00e9sent\u00e9 pour les peuples d\u2019Espagne la \u00ab\u00a0Ni\u00f1a Bonita\u00a0\u00bb.<\/p>\n<p><!--more--><\/p>\n<p><a href=\"https:\/\/i0.wp.com\/mer47.org\/wp\/wp-content\/uploads\/2013\/04\/COMMEMORATION-ANNIVERSAIRE-DEUXIEME-REPUBLIQUE.jpg?ssl=1\"><img data-recalc-dims=\"1\" loading=\"lazy\" decoding=\"async\" alt=\"COMMEMORATION  ANNIVERSAIRE DEUXIEME REPUBLIQUE\" src=\"https:\/\/i0.wp.com\/mer47.org\/wp\/wp-content\/uploads\/2013\/04\/COMMEMORATION-ANNIVERSAIRE-DEUXIEME-REPUBLIQUE.jpg?resize=525%2C525&#038;ssl=1\" width=\"525\" height=\"525\" \/><\/a><\/p>\n<p>Le suffrage universel, la s\u00e9paration de l\u2019\u00e9glise et de l\u2019\u00e9tat, l\u2019\u00e9cole la\u00efque publique et gratuite, le droit de vote des femmes ( 15 ans avant la France), la r\u00e9forme agraire, la terre \u00e0 ceux qui la travaillent, la justice sociale et la libert\u00e9, les autonomies et le droit \u00e0 l\u2019usage et \u00e0 l\u2019enseignement des langues r\u00e9gionales.<\/p>\n<p>Se souvenir \u00e9galement de la r\u00e9action des nantis et des privil\u00e9gi\u00e9s dans un pays o\u00f9 la richesse se partageait entre grands\u00a0 propri\u00e9taires terriens parasites, \u00e9glise monopolisant l\u2019enseignement, coup\u00e9e du peuple, h\u00e9riti\u00e8re des traditions de l\u2019inquisition et arm\u00e9e pl\u00e9thorique sortant d\u2019une guerre au MAROC o\u00f9 s\u2019\u00e9taient illustr\u00e9s par leur cruaut\u00e9 les \u00ab\u00a0africanistas\u00a0\u00bb avec le tercio et les regulares marocains.<\/p>\n<p>Ce sera, apr\u00e8s la f\u00e9roce r\u00e9pression men\u00e9e d\u00e9j\u00e0 par FRANCO dans les Asturies en octobre 1934, le soul\u00e8vement des g\u00e9n\u00e9raux f\u00e9lons contre le gouvernement l\u00e9gal de la R\u00e9publique avec le soutien financier et logistique de l\u2019internationale fasciste et la complicit\u00e9 des \u00e9tats non interventionnistes.<\/p>\n<p><a href=\"https:\/\/i0.wp.com\/mer47.org\/wp\/wp-content\/uploads\/2013\/04\/COMMEMORATION-DEUXIEME-REPUBLIQUE.jpg?ssl=1\"><img data-recalc-dims=\"1\" loading=\"lazy\" decoding=\"async\" data-attachment-id=\"805\" data-permalink=\"https:\/\/mer47.org\/wp\/a-agen-fumel-villeneuve-sur-lot-la-republique-au-coeur\/commemoration-deuxieme-republique\/\" data-orig-file=\"https:\/\/i0.wp.com\/mer47.org\/wp\/wp-content\/uploads\/2013\/04\/COMMEMORATION-DEUXIEME-REPUBLIQUE.jpg?fit=640%2C640&amp;ssl=1\" data-orig-size=\"640,640\" data-comments-opened=\"1\" data-image-meta=\"{&quot;aperture&quot;:&quot;0&quot;,&quot;credit&quot;:&quot;Picasa&quot;,&quot;camera&quot;:&quot;&quot;,&quot;caption&quot;:&quot;&quot;,&quot;created_timestamp&quot;:&quot;1366213436&quot;,&quot;copyright&quot;:&quot;&quot;,&quot;focal_length&quot;:&quot;0&quot;,&quot;iso&quot;:&quot;0&quot;,&quot;shutter_speed&quot;:&quot;0&quot;,&quot;title&quot;:&quot;&quot;}\" data-image-title=\"COMMEMORATION DEUXIEME REPUBLIQUE\" data-image-description=\"\" data-image-caption=\"\" data-large-file=\"https:\/\/i0.wp.com\/mer47.org\/wp\/wp-content\/uploads\/2013\/04\/COMMEMORATION-DEUXIEME-REPUBLIQUE.jpg?fit=525%2C525&amp;ssl=1\" class=\"aligncenter size-full wp-image-805\" alt=\"COMMEMORATION DEUXIEME REPUBLIQUE\" src=\"https:\/\/i0.wp.com\/mer47.org\/wp\/wp-content\/uploads\/2013\/04\/COMMEMORATION-DEUXIEME-REPUBLIQUE.jpg?resize=525%2C525&#038;ssl=1\" width=\"525\" height=\"525\" srcset=\"https:\/\/i0.wp.com\/mer47.org\/wp\/wp-content\/uploads\/2013\/04\/COMMEMORATION-DEUXIEME-REPUBLIQUE.jpg?w=640&amp;ssl=1 640w, https:\/\/i0.wp.com\/mer47.org\/wp\/wp-content\/uploads\/2013\/04\/COMMEMORATION-DEUXIEME-REPUBLIQUE.jpg?resize=150%2C150&amp;ssl=1 150w, https:\/\/i0.wp.com\/mer47.org\/wp\/wp-content\/uploads\/2013\/04\/COMMEMORATION-DEUXIEME-REPUBLIQUE.jpg?resize=300%2C300&amp;ssl=1 300w\" sizes=\"auto, (max-width: 525px) 100vw, 525px\" \/><\/a><\/p>\n<p>Trois rassemblements aussi pour clamer ESPA\u00d1A MA\u00d1ANA SERA REPUBLICANA !<\/p>\n<p>Pour dire avec los \u00ab\u00a0indignados\u00a0\u00bb qu\u2019aujourd\u2019hui comme hier la monarchie espagnole est symbole de scandales et de compromissions.<\/p>\n<p>Qu\u2019aujourd\u2019hui comme hier l\u2019Espagne a besoin d\u2019une \u00ab\u00a0democracia real\u00a0\u00bb qui verra la fin des privil\u00e8ges des nantis, o\u00f9 la souverainet\u00e9 restera au peuple seul et non \u00e0 un chef d\u2019\u00e9tat h\u00e9r\u00e9ditaire et monarchique.<\/p>\n<p>Et toujours \u00e0 nos c\u00f4t\u00e9s nos v\u00e9t\u00e9rans, Jaime et ses po\u00e8mes, Luis, ses chants et \u00ab\u00a0la marsellesa\u00a0\u00bb,\u00a0 t\u00e9moins et porteurs de cette r\u00e9publique qu\u2019ils ont connue dans leur jeunesse sur les terres d\u2019Espagne.<\/p>\n<p>&nbsp;<\/p>\n<p><span style=\"font-family: 'arial black', 'avant garde';\">Ci dessous les articles consacr\u00e9s par la presse locale aux trois rassemblements.<\/span><\/p>\n<p>&nbsp;<\/p>\n<p><a href=\"https:\/\/mer47.org\/wp\/wp-content\/uploads\/2013\/04\/LE-PETIT-BLEU-15-AVRIL-2013.pdf\">A AGEN, FUMEL, VILLENEUVE SUR LOT LA REPUBLIQUE AU C\u0152UR ! (Le Petit Bleu 15\/04\/2013)<\/a><\/p>\n<p><a href=\"https:\/\/mer47.org\/wp\/wp-content\/uploads\/2013\/04\/MER-47-LA-DEPECHE-15-AVRIL-2013.pdf\">A AGEN, FUMEL, VILLENEUVE SUR LOT LA REPUBLIQUE AU C\u0152UR ! (La D\u00e9p\u00eache Du Midi 15\/04\/2013)<\/a><\/p>\n<p><a href=\"https:\/\/mer47.org\/wp\/wp-content\/uploads\/2013\/04\/LE-PETIT-BLEU-15-AVRIL-2013.pdf\">A AGEN, FUMEL, VILLENEUVE SUR LOT LA REPUBLIQUE AU C\u0152UR ! (Le Petit Bleu 15\/04\/2013)<\/a><\/p>\n","protected":false},"excerpt":{"rendered":"<p>Trois rassemblements en Lot et Garonne pour comm\u00e9morer le 82\u00e9me anniversaire de la proclamation de la R\u00e9publique le 14 avril 1931. A Agen rue de la deuxi\u00e8me r\u00e9publique espagnole, \u00e0 Fumel dans l\u2019enceinte de l\u2019usine Metaltemple qui a vu tant de r\u00e9publicains espagnols rejoindre leurs camarades fran\u00e7ais dans les maquis et la r\u00e9sistance, \u00e0 Villeneuve &hellip; <\/p>\n<p class=\"link-more\"><a href=\"https:\/\/mer47.org\/wp\/a-agen-fumel-villeneuve-sur-lot-la-republique-au-coeur\/\" class=\"more-link\">Continuer la lecture<span class=\"screen-reader-text\"> de &laquo;&nbsp;A AGEN, FUMEL, VILLENEUVE SUR LOT  LA REPUBLIQUE AU C\u0152UR !&nbsp;&raquo;<\/span><\/a><\/p>\n","protected":false},"author":129,"featured_media":0,"comment_status":"open","ping_status":"open","sticky":false,"template":"","format":"standard","meta":{"jetpack_post_was_ever_published":false,"_jetpack_newsletter_access":"","_jetpack_dont_email_post_to_subs":false,"_jetpack_newsletter_tier_id":0,"_jetpack_memberships_contains_paywalled_content":false,"_jetpack_memberships_contains_paid_content":false,"footnotes":"","jetpack_publicize_message":"","jetpack_publicize_feature_enabled":true,"jetpack_social_post_already_shared":false,"jetpack_social_options":{"image_generator_settings":{"template":"highway","default_image_id":0,"font":"","enabled":false},"version":2}},"categories":[17,14,13],"tags":[384,125,28,275,32,127,126,243,233,543,138,128,63,297,389,376,530,260,146,177,116,289,117,373,207,111,106,227,174,104],"class_list":["post-802","post","type-post","status-publish","format-standard","hentry","category-activites-associatives","category-commemorations","category-memoire","tag-384","tag-82eme-anniversaire","tag-anniversaire","tag-asturies","tag-camps","tag-democracia-real","tag-deuxieme-republique-espagnole","tag-enseignement","tag-espagne","tag-espagnole","tag-espagnols","tag-espana-manana-sera-republicana","tag-exode","tag-femmes","tag-franco","tag-fumel","tag-guerre","tag-indignados","tag-justice","tag-lot-et-garonne","tag-machado","tag-monument","tag-nina-bonita","tag-octobre-1934","tag-repression","tag-republicains","tag-republicains-espagnols","tag-republique","tag-republique-espagnole","tag-resistance"],"featured_image_src":null,"author_info":{"display_name":"R\u00e9daction MER47","author_link":"https:\/\/mer47.org\/wp\/author\/redaction\/"},"jetpack_publicize_connections":[],"jetpack_featured_media_url":"","jetpack_sharing_enabled":true,"jetpack-related-posts":[{"id":2549,"url":"https:\/\/mer47.org\/wp\/abban-les-republicains-espagnols-en-lot-garonne-7\/","url_meta":{"origin":802,"position":0},"title":"Les R\u00e9publicains Espagnols en Lot-et-Garonne &#8211; 7- Reconquista","author":"R\u00e9daction MER47","date":"15 octobre 2014","format":false,"excerpt":"Le 6 juillet 1942, Jos\u00e9 Oncine TORRES confie sa bicyclette \u00e0 un artisan fum\u00e9lois pour r\u00e9paration. L\u2019apprenti d\u00e9couvre dans la sacoche un tube contenant des exemplaires du bulletin \u00ab Reconquista de Espa\u00f1a \u00bb","rel":"","context":"Dans &quot;Conf\u00e9rences d\u00e9bats&quot;","block_context":{"text":"Conf\u00e9rences d\u00e9bats","link":"https:\/\/mer47.org\/wp\/category\/activites-associatives\/conferences-debats\/"},"img":{"alt_text":"","src":"https:\/\/i0.wp.com\/mer47.org\/wp\/wp-content\/uploads\/2014\/10\/Reconquista-Collection-du-Mus%C3%A9e-de-la-R%C3%A9sistance-Nationale-de-Champigny-Sur-Marne.jpg?fit=822%2C299&ssl=1&resize=350%2C200","width":350,"height":200,"srcset":"https:\/\/i0.wp.com\/mer47.org\/wp\/wp-content\/uploads\/2014\/10\/Reconquista-Collection-du-Mus%C3%A9e-de-la-R%C3%A9sistance-Nationale-de-Champigny-Sur-Marne.jpg?fit=822%2C299&ssl=1&resize=350%2C200 1x, https:\/\/i0.wp.com\/mer47.org\/wp\/wp-content\/uploads\/2014\/10\/Reconquista-Collection-du-Mus%C3%A9e-de-la-R%C3%A9sistance-Nationale-de-Champigny-Sur-Marne.jpg?fit=822%2C299&ssl=1&resize=525%2C300 1.5x, https:\/\/i0.wp.com\/mer47.org\/wp\/wp-content\/uploads\/2014\/10\/Reconquista-Collection-du-Mus%C3%A9e-de-la-R%C3%A9sistance-Nationale-de-Champigny-Sur-Marne.jpg?fit=822%2C299&ssl=1&resize=700%2C400 2x"},"classes":[]},{"id":6760,"url":"https:\/\/mer47.org\/wp\/appel-a-se-rassembler-devant-le-monument-departemental\/","url_meta":{"origin":802,"position":1},"title":"Appel \u00e0 se rassembler devant le Monument d\u00e9partemental","author":"R\u00e9daction MER47","date":"12 avril 2022","format":false,"excerpt":"Une d\u00e9l\u00e9gation de l\u2019association M\u00e9moire de l\u2019Espagne R\u00e9publicaine de Lot et Garonne (MER 47) se rendra jeudi 14 avril 2022 \u00e0 18 heures 30 devant le monument d\u00e9partemental \u00e0 la M\u00e9moire des R\u00e9publicains espagnols \u00e9difi\u00e9 \u00e0 Villeneuve sur Lot,\u00a0\u00a0\u00a0 square Antonio Machado, avenue de Bias devant l\u2019Ecole Descartes. Elle y\u2026","rel":"","context":"Dans &quot;M\u00e9moire&quot;","block_context":{"text":"M\u00e9moire","link":"https:\/\/mer47.org\/wp\/category\/memoire\/"},"img":{"alt_text":"","src":"https:\/\/i0.wp.com\/mer47.org\/wp\/wp-content\/uploads\/2015\/09\/Logo2.png?fit=439%2C578&ssl=1&resize=350%2C200","width":350,"height":200},"classes":[]},{"id":2538,"url":"https:\/\/mer47.org\/wp\/abban-les-republicains-espagnols-en-lot-garonne-3\/","url_meta":{"origin":802,"position":2},"title":"Les R\u00e9publicains Espagnols en Lot-et-Garonne &#8211; 3- Brigades Internationales","author":"R\u00e9daction MER47","date":"8 octobre 2014","format":false,"excerpt":"Les premiers d\u00e9parts se font dans les semaines qui suivent le coup d\u2019\u00e9tat en ao\u00fbt 1936 et concernent des espagnols immigr\u00e9s issus surtout de Fumel, ouvriers de l\u2019usine, et Villeneuve-sur-Lot.","rel":"","context":"Dans &quot;Conf\u00e9rences d\u00e9bats&quot;","block_context":{"text":"Conf\u00e9rences d\u00e9bats","link":"https:\/\/mer47.org\/wp\/category\/activites-associatives\/conferences-debats\/"},"img":{"alt_text":"","src":"https:\/\/i0.wp.com\/mer47.org\/wp\/wp-content\/uploads\/2014\/10\/A_PINOL.jpg?fit=1096%2C557&ssl=1&resize=350%2C200","width":350,"height":200,"srcset":"https:\/\/i0.wp.com\/mer47.org\/wp\/wp-content\/uploads\/2014\/10\/A_PINOL.jpg?fit=1096%2C557&ssl=1&resize=350%2C200 1x, https:\/\/i0.wp.com\/mer47.org\/wp\/wp-content\/uploads\/2014\/10\/A_PINOL.jpg?fit=1096%2C557&ssl=1&resize=525%2C300 1.5x, https:\/\/i0.wp.com\/mer47.org\/wp\/wp-content\/uploads\/2014\/10\/A_PINOL.jpg?fit=1096%2C557&ssl=1&resize=700%2C400 2x, https:\/\/i0.wp.com\/mer47.org\/wp\/wp-content\/uploads\/2014\/10\/A_PINOL.jpg?fit=1096%2C557&ssl=1&resize=1050%2C600 3x"},"classes":[]},{"id":2535,"url":"https:\/\/mer47.org\/wp\/abban-les-republicains-espagnols-en-lot-garonne-2\/","url_meta":{"origin":802,"position":3},"title":"Les R\u00e9publicains Espagnols en Lot-et-Garonne &#8211; 2- Solidarit\u00e9","author":"R\u00e9daction MER47","date":"6 octobre 2014","format":false,"excerpt":"Lot-et-Garonne : de la solidarit\u00e9 avec l\u2019Espagne R\u00e9publicaine aux R\u00e9publicains Espagnols devenus Lot-et-Garonnais","rel":"","context":"Dans &quot;Conf\u00e9rences d\u00e9bats&quot;","block_context":{"text":"Conf\u00e9rences d\u00e9bats","link":"https:\/\/mer47.org\/wp\/category\/activites-associatives\/conferences-debats\/"},"img":{"alt_text":"","src":"https:\/\/i0.wp.com\/mer47.org\/wp\/wp-content\/uploads\/2014\/10\/Conference-ABBAN_1.jpg?fit=822%2C548&ssl=1&resize=350%2C200","width":350,"height":200,"srcset":"https:\/\/i0.wp.com\/mer47.org\/wp\/wp-content\/uploads\/2014\/10\/Conference-ABBAN_1.jpg?fit=822%2C548&ssl=1&resize=350%2C200 1x, https:\/\/i0.wp.com\/mer47.org\/wp\/wp-content\/uploads\/2014\/10\/Conference-ABBAN_1.jpg?fit=822%2C548&ssl=1&resize=525%2C300 1.5x, https:\/\/i0.wp.com\/mer47.org\/wp\/wp-content\/uploads\/2014\/10\/Conference-ABBAN_1.jpg?fit=822%2C548&ssl=1&resize=700%2C400 2x"},"classes":[]},{"id":1562,"url":"https:\/\/mer47.org\/wp\/assemblee-generale-2014-tournee-vers-lavenir\/","url_meta":{"origin":802,"position":4},"title":"UNE ASSEMBLEE GENERALE 2014 TOURNEE VERS L&rsquo;AVENIR","author":"R\u00e9daction MER47","date":"19 f\u00e9vrier 2014","format":false,"excerpt":"\u00a0 L\u2019occasion de faire le bilan de l\u2019ann\u00e9e \u00e9coul\u00e9e et de ses points forts\u00a0: visite de la Maternit\u00e9 d\u2019Elne, Argel\u00e9s sur Mer, Collioure et le MUME, journ\u00e9e de rentr\u00e9e sur les brigades internationales et hommage \u00e0 notre v\u00e9t\u00e9ran et brigadiste lot et garonnais\u00a0 Antoine PI\u00d1OL, l\u2019hospital Varsovia et le circuit\u2026","rel":"","context":"Dans &quot;Activit\u00e9s associatives&quot;","block_context":{"text":"Activit\u00e9s associatives","link":"https:\/\/mer47.org\/wp\/category\/activites-associatives\/"},"img":{"alt_text":"Avant le d\u00e9but de l'assembl\u00e9e g\u00e9n\u00e9rale recueillement devant le Monument D\u00e9partemental des R\u00e9publicains Espagnols Square Antonio Machado","src":"https:\/\/i0.wp.com\/mer47.org\/wp\/wp-content\/uploads\/2014\/02\/L1050075-640x480-300x225.jpg?resize=350%2C200&ssl=1","width":350,"height":200},"classes":[]},{"id":2427,"url":"https:\/\/mer47.org\/wp\/abban-les-republicains-espagnols-en-lot-garonne\/","url_meta":{"origin":802,"position":5},"title":"Les R\u00e9publicains Espagnols en Lot-et-Garonne &#8211; 1 &#8211; Fumel","author":"R\u00e9daction MER47","date":"5 octobre 2014","format":false,"excerpt":"Le jeudi 11 septembre 2014, dans l'ordre des interventions, Alain MIRANDA, Danielle DARQUIE et Isaac CASARES ont \u00e9t\u00e9 invit\u00e9s par le Comit\u00e9 ANACR[1. Association Nationale des Anciens Combattants et Amis de la R\u00e9sistance] de Fumel - Monsempron-Libos \u00e0 animer une conf\u00e9rence \u00e0 l'attention de l'association ABBAN en visite dans la\u2026","rel":"","context":"Dans &quot;Conf\u00e9rences d\u00e9bats&quot;","block_context":{"text":"Conf\u00e9rences d\u00e9bats","link":"https:\/\/mer47.org\/wp\/category\/activites-associatives\/conferences-debats\/"},"img":{"alt_text":"ABBAN conference MER47","src":"https:\/\/i0.wp.com\/mer47.org\/wp\/wp-content\/uploads\/2014\/09\/Conference_MER47.jpg?fit=822%2C317&ssl=1&resize=350%2C200","width":350,"height":200,"srcset":"https:\/\/i0.wp.com\/mer47.org\/wp\/wp-content\/uploads\/2014\/09\/Conference_MER47.jpg?fit=822%2C317&ssl=1&resize=350%2C200 1x, https:\/\/i0.wp.com\/mer47.org\/wp\/wp-content\/uploads\/2014\/09\/Conference_MER47.jpg?fit=822%2C317&ssl=1&resize=525%2C300 1.5x, https:\/\/i0.wp.com\/mer47.org\/wp\/wp-content\/uploads\/2014\/09\/Conference_MER47.jpg?fit=822%2C317&ssl=1&resize=700%2C400 2x"},"classes":[]}],"jetpack_shortlink":"https:\/\/wp.me\/p2FasU-cW","_links":{"self":[{"href":"https:\/\/mer47.org\/wp\/wp-json\/wp\/v2\/posts\/802","targetHints":{"allow":["GET"]}}],"collection":[{"href":"https:\/\/mer47.org\/wp\/wp-json\/wp\/v2\/posts"}],"about":[{"href":"https:\/\/mer47.org\/wp\/wp-json\/wp\/v2\/types\/post"}],"author":[{"embeddable":true,"href":"https:\/\/mer47.org\/wp\/wp-json\/wp\/v2\/users\/129"}],"replies":[{"embeddable":true,"href":"https:\/\/mer47.org\/wp\/wp-json\/wp\/v2\/comments?post=802"}],"version-history":[{"count":0,"href":"https:\/\/mer47.org\/wp\/wp-json\/wp\/v2\/posts\/802\/revisions"}],"wp:attachment":[{"href":"https:\/\/mer47.org\/wp\/wp-json\/wp\/v2\/media?parent=802"}],"wp:term":[{"taxonomy":"category","embeddable":true,"href":"https:\/\/mer47.org\/wp\/wp-json\/wp\/v2\/categories?post=802"},{"taxonomy":"post_tag","embeddable":true,"href":"https:\/\/mer47.org\/wp\/wp-json\/wp\/v2\/tags?post=802"}],"curies":[{"name":"wp","href":"https:\/\/api.w.org\/{rel}","templated":true}]}}